{"id":1005,"date":"2023-07-10T20:27:20","date_gmt":"2023-07-10T23:27:20","guid":{"rendered":"https:\/\/lametro989.com\/?p=1005"},"modified":"2023-07-10T20:27:20","modified_gmt":"2023-07-10T23:27:20","slug":"el-gobierno-anuncio-que-implementara-un-regimen-de-transparencia-para-movimientos-sociales","status":"publish","type":"post","link":"https:\/\/lametro989.com\/?p=1005","title":{"rendered":"El Gobierno anunci\u00f3 que implementar\u00e1 un &#8220;r\u00e9gimen de transparencia&#8221; para movimientos sociales"},"content":{"rendered":"\n<p>Deber\u00e1n presentar certificados que acrediten no tener antecedentes de violencia y deudas alimentarias. Los miembros de las organizaciones sociales tendr\u00e1n que presentar sus declaraciones patrimoniales.<\/p>\n\n\n\n<figure class=\"wp-block-image size-full\"><img loading=\"lazy\" decoding=\"async\" width=\"850\" height=\"450\" src=\"https:\/\/lametro989.com\/wp-content\/uploads\/2023\/07\/imagen-109.png\" alt=\"\" class=\"wp-image-1006\" srcset=\"https:\/\/lametro989.com\/wp-content\/uploads\/2023\/07\/imagen-109.png 850w, https:\/\/lametro989.com\/wp-content\/uploads\/2023\/07\/imagen-109-300x159.png 300w, https:\/\/lametro989.com\/wp-content\/uploads\/2023\/07\/imagen-109-768x407.png 768w\" sizes=\"auto, (max-width: 850px) 100vw, 850px\" \/><\/figure>\n\n\n\n<p>En una conferencia de prensa encabezada por el gobernador Jorge Capitanich anunci\u00f3 que mediante el decreto 1821 se implementar\u00e1 un &#8220;r\u00e9gimen de transparencia&#8221;.<\/p>\n\n\n\n<p>&#8220;Lo hacemos con el objeto de garantizar que el control sea antes de la constituci\u00f3n efectiva de una organizaci\u00f3n no implique el amparo de personas violentas que se puedan escudar en las mismas. Tenemos que garantizar no solamente la transparencia en el v\u00ednculo entre el Estado y las organizaciones para el desarrollo de la econom\u00eda solidaria, popular o tambi\u00e9n social, sobre la base del funcionamiento de las organizaciones que obviamente deben presentar memoria, balance, estados contables, declaraci\u00f3n jurada patrimonial e impositiva, pero tambi\u00e9n de los miembros de sus organizaciones&#8221;, dijo el gobernador Jorge Capitanich.&nbsp;<\/p>\n\n\n\n<p>&#8220;Porque si utilizan a estas organizaciones como pantalla para el acrecentamiento patrimonial individual, entonces est\u00e1n explotando a los trabajadores o utilizar la organizaci\u00f3n en beneficio propio&#8221;, agreg\u00f3.<\/p>\n\n\n\n<p>No queremos que un beneficiario de un derecho social pueda ser utilizado por personas con aviesas intenciones<\/p>\n\n\n\n<p>Asimismo, el gobernador explic\u00f3 que este nuevo sistema tiene como fin &#8220;evitar una percepci\u00f3n por parte de la ciudadan\u00eda de que pueden hacer lo que quieran cuando en realidad tienen que estar perfectamente regulados, el Estado tiene un procedimiento de car\u00e1cter secuencial sistem\u00e1tico&#8221;.&nbsp;<\/p>\n\n\n\n<p>&#8220;No hay nada que no este debidamente controlado y fiscalizado, pero ahora con estos requisitos vamos a fortalecer la capacidad institucional de prevenci\u00f3n por parte de las organizaciones. Inclusive se ha elevado el monto m\u00ednimo que debe acreditar una organizaci\u00f3n a los efectos de evitar una proliferaci\u00f3n que no sea suseptible de un control eficaz por parte del Estado&#8221;, agreg\u00f3 el mandatario chaque\u00f1o.&nbsp;<ins><\/ins><\/p>\n\n\n\n<h2 class=\"wp-block-heading\"><strong>PUNTOS CLAVES DEL DECRETO&nbsp;<\/strong><\/h2>\n\n\n\n<p>En el primer punto, el gobernador explic\u00f3 que el decreto anunciado impulsa <strong>&#8220;una serie de modificaciones&#8221;<\/strong> en el r\u00e9gimen, exige a las personas f\u00edsicas que constituyan y\/o sean miembros de asociaciones civiles, fundaciones o cooperativas de trabajos la presentaci\u00f3n de los siguientes certificados:&nbsp;<\/p>\n\n\n\n<p><strong>1<\/strong> Certificado \u00fanico de personas violentas&nbsp;<\/p>\n\n\n\n<p><strong>2<\/strong> Certificado del registro de deudores alimentarios&nbsp;<\/p>\n\n\n\n<p><strong>3<\/strong> Certificado del tribunal de cuentas&nbsp;<\/p>\n\n\n\n<p><strong>4<\/strong> Declaraci\u00f3n jurada patrimonial&nbsp;<\/p>\n\n\n\n<p>En segundo lugar, <strong>el decreto establece la actualizaci\u00f3n de los datos de las asociaciones civiles, fundaciones y mutuales con domicilios jurisdiccional en la provincia del Chaco a trav\u00e9s de la inspecci\u00f3n general de persona jur\u00eddica.<\/strong> La actualizaci\u00f3n ser\u00e1 obligatoria de forma digital y al mismo tendr\u00e1n acceso el p\u00fablico &#8220;para el conocimiento e informaci\u00f3n de la ciudadan\u00eda&#8221;, explic\u00f3.&nbsp;<\/p>\n\n\n\n<p>&#8220;Cualquier ciudadano a partir de esta norma puede saber qu\u00e9 hace tal funci\u00f3n, qui\u00e9nes son sus integrantes a los efectos de garantizar un control popular, social y ciudadano. De legitimar un r\u00e9gimen de transparencia con mayor participaci\u00f3n&#8221;, aclar\u00f3.&nbsp;<\/p>\n\n\n\n<p>Otro punto del decreto especifica<strong> autorizar al organismo de control a disponer la suspensi\u00f3n y o perdida de la concesi\u00f3n de la personer\u00eda jur\u00eddica otorgada a quienes incumplan con las obligaciones y responsabilidades impuestas.&nbsp;<\/strong><\/p>\n\n\n\n<p>En esta sinton\u00eda, sobre un cuarto punto del escrito, Jorge Capitanich explic\u00f3: &#8220;Pretendemos crear una unidad de recepci\u00f3n y seguimientos de los reclamos, quejas o denuncias que refieren irregularidades que pueden constituir il\u00edcitos penales y o administrativos de socios y\/o terceros y\/o beneficiarios de una entidad civil&#8221;.&nbsp;<\/p>\n\n\n\n<p>Por \u00faltimo, <strong>el quinto punto hace referencia a las v\u00edas habilitadas para realizar la denuncia<\/strong>. &#8220;Los ciudadanos podr\u00e1n efectuar denuncias para informar retenciones indebidas de planes sociales, venta ilegal de bienes del Estado y\/o desv\u00edos de fondos de subsidios a trav\u00e9s de las comisar\u00edas existentes, tambi\u00e9n de la l\u00ednea p\u00fablica 0800-888-9222 o por internet mediante Tu Gobierno Digital&#8221;, detall\u00f3.&nbsp;<\/p>\n\n\n\n<p>Para cerrar la conferencia de prensa el gobernador hizo referencia nuevamente a la necesidad de estos requisitos y afirm\u00f3: &#8220;<strong>As\u00ed como cuando nos presentamos como candidatos a ejercer un cargo p\u00fablico tenemos que cumplir todos estos requisitos, bueno los miembros de las organizaciones sociales tambi\u00e9n lo tienen que hacer<\/strong>&#8220;.&nbsp;<\/p>\n\n\n\n<p>&#8220;Esto significa equidad de trato, igualdad de condiciones y eso significa escuchar los reclamos de nuestro pueblo, que lo hacen en cada uno de los rincones.<strong> Nos ped\u00edan esto, aqu\u00ed est\u00e1 una herramienta para brindar una soluci\u00f3n<\/strong>&#8220;, cerr\u00f3.&nbsp;<\/p>\n","protected":false},"excerpt":{"rendered":"<p>Deber\u00e1n presentar certificados que acrediten no tener antecedentes de violencia y deudas alimentarias. Los miembros de las organizaciones sociales tendr\u00e1n que presentar sus declaraciones patrimoniales.&hellip; <\/p>\n","protected":false},"author":2,"featured_media":1006,"comment_status":"open","ping_status":"open","sticky":false,"template":"","format":"standard","meta":{"footnotes":""},"categories":[9,2],"tags":[],"class_list":["post-1005","post","type-post","status-publish","format-standard","has-post-thumbnail","hentry","category-destacadas","category-provinciales"],"_links":{"self":[{"href":"https:\/\/lametro989.com\/index.php?rest_route=\/wp\/v2\/posts\/1005","targetHints":{"allow":["GET"]}}],"collection":[{"href":"https:\/\/lametro989.com\/index.php?rest_route=\/wp\/v2\/posts"}],"about":[{"href":"https:\/\/lametro989.com\/index.php?rest_route=\/wp\/v2\/types\/post"}],"author":[{"embeddable":true,"href":"https:\/\/lametro989.com\/index.php?rest_route=\/wp\/v2\/users\/2"}],"replies":[{"embeddable":true,"href":"https:\/\/lametro989.com\/index.php?rest_route=%2Fwp%2Fv2%2Fcomments&post=1005"}],"version-history":[{"count":1,"href":"https:\/\/lametro989.com\/index.php?rest_route=\/wp\/v2\/posts\/1005\/revisions"}],"predecessor-version":[{"id":1007,"href":"https:\/\/lametro989.com\/index.php?rest_route=\/wp\/v2\/posts\/1005\/revisions\/1007"}],"wp:featuredmedia":[{"embeddable":true,"href":"https:\/\/lametro989.com\/index.php?rest_route=\/wp\/v2\/media\/1006"}],"wp:attachment":[{"href":"https:\/\/lametro989.com\/index.php?rest_route=%2Fwp%2Fv2%2Fmedia&parent=1005"}],"wp:term":[{"taxonomy":"category","embeddable":true,"href":"https:\/\/lametro989.com\/index.php?rest_route=%2Fwp%2Fv2%2Fcategories&post=1005"},{"taxonomy":"post_tag","embeddable":true,"href":"https:\/\/lametro989.com\/index.php?rest_route=%2Fwp%2Fv2%2Ftags&post=1005"}],"curies":[{"name":"wp","href":"https:\/\/api.w.org\/{rel}","templated":true}]}}