{"id":1018,"date":"2023-07-10T21:25:15","date_gmt":"2023-07-11T00:25:15","guid":{"rendered":"https:\/\/lametro989.com\/?p=1018"},"modified":"2023-07-10T22:48:36","modified_gmt":"2023-07-11T01:48:36","slug":"una-nueva-encuesta-anticipa-una-victoria-ajustada-de-rodriguez-larreta-en-la-interna-de-jxc","status":"publish","type":"post","link":"https:\/\/lametro989.com\/?p=1018","title":{"rendered":"Una nueva encuesta anticipa una victoria ajustada de Rodr\u00edguez Larreta en la interna de JxC"},"content":{"rendered":"\n<p>Una encuesta realizada por una consultora cordobesa detall\u00f3 que el actual Jefe de Gobierno porte\u00f1o tendr\u00eda ventaja en la interna frente a Patricia Bullrich. Adem\u00e1s, posiciona a Juntos por el Cambio como la fuerza m\u00e1s votada del pa\u00eds.\u00a0<\/p>\n\n\n\n<figure class=\"wp-block-image size-full\"><img loading=\"lazy\" decoding=\"async\" width=\"850\" height=\"568\" src=\"https:\/\/lametro989.com\/wp-content\/uploads\/2023\/07\/imagen-113.png\" alt=\"\" class=\"wp-image-1019\" srcset=\"https:\/\/lametro989.com\/wp-content\/uploads\/2023\/07\/imagen-113.png 850w, https:\/\/lametro989.com\/wp-content\/uploads\/2023\/07\/imagen-113-300x200.png 300w, https:\/\/lametro989.com\/wp-content\/uploads\/2023\/07\/imagen-113-768x513.png 768w\" sizes=\"auto, (max-width: 850px) 100vw, 850px\" \/><\/figure>\n\n\n\n<p>La consultora cordobesa <strong>Zuban y Asociados<\/strong> realiz\u00f3 una nueva encuesta con respecto a la intenci\u00f3n de voto de las personas, en el marco de las PASO de agosto. En la misma, <strong>Juntos por el Cambio<\/strong> se posiciona como la fuerza m\u00e1s votada y <strong>con Horacio Rodr\u00edguez Larreta ganadora de la interna<\/strong>\u00a0, por sobre Patricia Bullrich. <\/p>\n\n\n\n<p>Asimismo, la consultora encontr\u00f3 que <strong>Sergio<\/strong>&nbsp;<strong>Massa<\/strong> y <strong>Javier Milei<\/strong> competir\u00edan cabeza a cabeza, <strong>con la balanza a favor del precandidato de Uni\u00f3n por la Patria<\/strong>&nbsp; (UxP).<\/p>\n\n\n\n<p>El sondeo fue realizado entre el 1 y 6 de julio de manera presencial a <strong>1.280 ciudadanos mayores<\/strong> de 16 a\u00f1os de todo el pa\u00eds, con un margen de error de +\/- 2,7%. Al analizar la intenci\u00f3n de votos de los encuestados, el espacio m\u00e1s elegido fue <strong>Juntos por el Cambio<\/strong>\u00a0 (JxC) con un <strong>29,7%<\/strong>, seguido por <strong>Uni\u00f3n por la Patria<\/strong>\u00a0 con el <strong>27,1%<\/strong>. En tercer lugar se encuentra <strong>La Libertad Avanza (LLA)<\/strong>\u00a0, sumando el <strong>24,5%<\/strong>. Seg\u00fan el an\u00e1lisis de la consultora, estos resultados reafirman la tesis de los &#8220;tercios consolidados&#8221;, la cual &#8220;goza al d\u00eda de la fecha de buena salud&#8221;.<\/p>\n\n\n\n<figure class=\"wp-block-image\"><img decoding=\"async\" src=\"https:\/\/www.diariochaco.com\/content\/bucket\/7\/579697w380h575c.jpg.webp\" alt=\"\"\/><\/figure>\n\n\n\n<p>El an\u00e1lisis sostuvo que es<strong> &#8220;un escenario posible&#8221;<\/strong> que la f\u00f3rmula Massa-Rossi sea la m\u00e1s votada a nivel individual, &#8220;pero que requerir\u00e1 grandes esfuerzos y evitar traspi\u00e9s econ\u00f3micos y discursivos en las semanas que quedan&#8221;.<\/p>\n\n\n\n<p><strong>Horacio Rodr\u00edguez Larreta<\/strong> result\u00f3 con un <strong>16,4%<\/strong>, de esa manera, el jefe de Gobierno porte\u00f1o <strong>ganar\u00eda la interna frente a su rival<\/strong>&nbsp;<strong>Patricia Bullrich<\/strong>, quien acumul\u00f3 un <strong>13,3%<\/strong>. &#8220;En Juntos por el Cambio, la primaria sigue apareciendo en esta l\u00ednea de an\u00e1lisis como muy competitiva, con Horacio Rodr\u00edguez Larreta manteniendo una leve ventaja sobre Patricia Bullrich a nivel nacional&#8221;, describi\u00f3 el informe.<ins><\/ins><\/p>\n\n\n\n<p><strong>Juan Schiaretti<\/strong>, precandidato por Hacemos por Nuestro Pa\u00eds (HNP), se posicion\u00f3 en quinto lugar detr\u00e1s de la exministra de Seguridad con el 3,5%. Le sigui\u00f3 <strong>Myriam Bregman<\/strong> del Frente de Izquierda y de Trabajadores-Unidad (FIT-U) con el 2,1%, <strong>Juan Grabois<\/strong> (UxP) con el 2%, <strong>Guillermo Moreno<\/strong> por Principios y Valores (PV) con un 0,6% y, en \u00faltimo lugar, <strong>Gabriel Solano<\/strong> (FIT-U) con el 0,2%.<\/p>\n\n\n\n<p>Por su parte, un <strong>8,6%<\/strong> afirm\u00f3 <strong>no saber a qui\u00e9n votar<\/strong>, mientras que el <strong>2,3%<\/strong> indic\u00f3 que <strong>votar\u00eda en blanco<\/strong>. Adem\u00e1s, un <strong>0,8%<\/strong> explic\u00f3 que <strong>no se presentar\u00eda a los comicios<\/strong>.<\/p>\n","protected":false},"excerpt":{"rendered":"<p>Una encuesta realizada por una consultora cordobesa detall\u00f3 que el actual Jefe de Gobierno porte\u00f1o tendr\u00eda ventaja en la interna frente a Patricia Bullrich. Adem\u00e1s,&hellip; <\/p>\n","protected":false},"author":2,"featured_media":1019,"comment_status":"open","ping_status":"open","sticky":false,"template":"","format":"standard","meta":{"footnotes":""},"categories":[9,5],"tags":[],"class_list":["post-1018","post","type-post","status-publish","format-standard","has-post-thumbnail","hentry","category-destacadas","category-politica"],"_links":{"self":[{"href":"https:\/\/lametro989.com\/index.php?rest_route=\/wp\/v2\/posts\/1018","targetHints":{"allow":["GET"]}}],"collection":[{"href":"https:\/\/lametro989.com\/index.php?rest_route=\/wp\/v2\/posts"}],"about":[{"href":"https:\/\/lametro989.com\/index.php?rest_route=\/wp\/v2\/types\/post"}],"author":[{"embeddable":true,"href":"https:\/\/lametro989.com\/index.php?rest_route=\/wp\/v2\/users\/2"}],"replies":[{"embeddable":true,"href":"https:\/\/lametro989.com\/index.php?rest_route=%2Fwp%2Fv2%2Fcomments&post=1018"}],"version-history":[{"count":1,"href":"https:\/\/lametro989.com\/index.php?rest_route=\/wp\/v2\/posts\/1018\/revisions"}],"predecessor-version":[{"id":1020,"href":"https:\/\/lametro989.com\/index.php?rest_route=\/wp\/v2\/posts\/1018\/revisions\/1020"}],"wp:featuredmedia":[{"embeddable":true,"href":"https:\/\/lametro989.com\/index.php?rest_route=\/wp\/v2\/media\/1019"}],"wp:attachment":[{"href":"https:\/\/lametro989.com\/index.php?rest_route=%2Fwp%2Fv2%2Fmedia&parent=1018"}],"wp:term":[{"taxonomy":"category","embeddable":true,"href":"https:\/\/lametro989.com\/index.php?rest_route=%2Fwp%2Fv2%2Fcategories&post=1018"},{"taxonomy":"post_tag","embeddable":true,"href":"https:\/\/lametro989.com\/index.php?rest_route=%2Fwp%2Fv2%2Ftags&post=1018"}],"curies":[{"name":"wp","href":"https:\/\/api.w.org\/{rel}","templated":true}]}}