{"id":1021,"date":"2023-07-10T22:31:03","date_gmt":"2023-07-11T01:31:03","guid":{"rendered":"https:\/\/lametro989.com\/?p=1021"},"modified":"2023-07-10T22:48:50","modified_gmt":"2023-07-11T01:48:50","slug":"fortalecimiento-de-las-redes-de-asistencia-y-contencion-de-consumos-problematicos","status":"publish","type":"post","link":"https:\/\/lametro989.com\/?p=1021","title":{"rendered":"Fortalecimiento de las redes de asistencia y contenci\u00f3n de consumos problem\u00e1ticos"},"content":{"rendered":"\n<p>Con la presencia del gobernador, realizaron el tercer encuentro para evaluar e intensificar trabajos en torno a la problem\u00e1tica. La Comisi\u00f3n de Emergencia trabaj\u00f3 en el funcionamiento de la red integrada para asistencia, analizando la capacidad instalada y proyectando nuevas obras edilicias.<\/p>\n\n\n\n<figure class=\"wp-block-image size-large\"><img loading=\"lazy\" decoding=\"async\" width=\"1024\" height=\"682\" src=\"https:\/\/lametro989.com\/wp-content\/uploads\/2023\/07\/imagen-114-1024x682.png\" alt=\"\" class=\"wp-image-1022\" srcset=\"https:\/\/lametro989.com\/wp-content\/uploads\/2023\/07\/imagen-114-1024x682.png 1024w, https:\/\/lametro989.com\/wp-content\/uploads\/2023\/07\/imagen-114-300x200.png 300w, https:\/\/lametro989.com\/wp-content\/uploads\/2023\/07\/imagen-114-768x512.png 768w, https:\/\/lametro989.com\/wp-content\/uploads\/2023\/07\/imagen-114-1536x1023.png 1536w, https:\/\/lametro989.com\/wp-content\/uploads\/2023\/07\/imagen-114.png 1600w\" sizes=\"auto, (max-width: 1024px) 100vw, 1024px\" \/><\/figure>\n\n\n\n<p>El gobernador <strong>Jorge Capitanich<\/strong> particip\u00f3 de la <strong>tercera reuni\u00f3n de la Comisi\u00f3n de Emergencia por Consumos Problem\u00e1ticos,<\/strong> en el marco de la cual, junto a autoridades de Salud P\u00fablica y Desarrollo Social, referentes de otros Poderes del Estado, organismos, y organizaciones sociales y religiosas constataron el <strong>avance y funcionamiento de la red integrada de asistencia, en cuanto a capacidad instalada y la necesidad de nuevas obras; as\u00ed como la evoluci\u00f3n de la red de contenci\u00f3n, y la territorializaci\u00f3n del sistema.<\/strong><\/p>\n\n\n\n<p>Acompa\u00f1ado por la ministra de Salud P\u00fablica, Carolina Centeno y la ministra de Desarrollo Social, Mar\u00eda P\u00eda Chiacchio Cavana, el mandatario destac\u00f3 lo <strong>acertado del modelo macro del Plan, planteando como \u201ctema central\u201d la disciplina metodol\u00f3gica \u201cpara lograr el funcionamiento\u201d.<\/strong><\/p>\n\n\n\n<p>\u201cQue la tasa de rotaci\u00f3n permita efectivamente, por un lado, evitar consumo; por el otro, tratamiento y abordaje interdisciplinario con categorizaciones; y por \u00faltimo, reinserci\u00f3n laboral a trav\u00e9s de estos mecanismos, que nos permitan garantizar la mayor efectividad. Es decir, el tratamiento prolongado que permita que no exista decaimiento de ninguna actividad\u201d, reflexion\u00f3 Capitanich.<\/p>\n\n\n\n<p>Finalmente, <strong>remarc\u00f3 la necesidad de manejar un concepto de pol\u00edticas p\u00fablicas \u201ccon mayor anclaje territorial\u201d<\/strong>, apuntando a una mayor participaci\u00f3n relativa de distintas localidades, para descentralizar el modelo del Plan. \u201cLa red est\u00e1 avalada por un consenso social muy amplio, pero tambi\u00e9n con sentido federal\u201d, afirm\u00f3.<\/p>\n\n\n\n<p>Asimismo, plante\u00f3 \u201cque todas instituciones tengan anclaje de base territorial en todas las localidades\u201d y la necesidad, a tales fines, de integrar a los l\u00edderes pol\u00edticos, es decir los intendentes e intendentas elegidos por la voluntad popular.<\/p>\n\n\n\n<figure class=\"wp-block-image\"><img decoding=\"async\" src=\"https:\/\/agenciafoco.com.ar\/media\/cache\/quality\/uploads\/noticias\/64ac90c38294a411833390.jpeg\" alt=\"\"\/><\/figure>\n\n\n\n<h3 class=\"wp-block-heading\">Mejorar la capacidad operativa y reforzar la red de contenci\u00f3n<\/h3>\n\n\n\n<p>En el marco del tercer encuentro, en cumplimiento de los dispuesto por la Ley que declara la Emergencia de Consumos Problem\u00e1ticos en la Provincia (Ley N\u00b0 3008 G) avanzaron en <strong>el seguimiento y control del Plan Integral de Prevenci\u00f3n y Abordaje para trabajar la prevenci\u00f3n, tratamiento, rehabilitaci\u00f3n y reinserci\u00f3n<\/strong> de aquellas personas con problemas de consumos.<\/p>\n\n\n\n<p>En cuanto a la <strong>Red Asistencial,<\/strong> la ministra Centeno record\u00f3 que, actualmente, cuenta con 371 camas, con proyecci\u00f3n de ampliar \u201cpor lo menos a 50 camas m\u00e1s entre 2023 y 2024\u201d, para <strong>mejorar la capacidad operativa<\/strong>. Mientras que acerca de la red integral de contenci\u00f3n y de apoyo (que puede ser con alojamiento, o sin, con orientaci\u00f3n a la espiritualidad o no), ratific\u00f3 que estar\u00e1 \u201cregistrada, regulada y normatizada por el Ministerio\u201d.<\/p>\n\n\n\n<p>En ese sentido, <strong>planteando adem\u00e1s la urgencia de modificaciones de infraestructura y edilicias y hasta subsidios estatales<\/strong> (provinciales, nacionales o municipales) <strong>para algunos espacios<\/strong>, la titular de la cartera sanitaria ratific\u00f3:&nbsp; \u201cNuestra idea es pensar en la asistencia en internaci\u00f3n, sumada ya a una red de contenci\u00f3n que sea paralela y complementaria\u201d, instando a que todo aquel espacio, organismo, fundaci\u00f3n, \u201cque tenga una mirada como la que nosotros estamos planteando ac\u00e1, se sume a esta red y pueda ser parte de ella de ac\u00e1 a los siguientes a\u00f1os\u201d.<\/p>\n\n\n\n<p>Participaron, presencialmente, la presidenta del Superior Tribunal de Justicia, Iride Isabel Grillo; la secretaria de Derechos Humanos y G\u00e9neros, Silvana P\u00e9rez; la subsecretaria de Salud Comunitaria, Entornos Saludables y No Violentos del Ministerio de Salud P\u00fablica del Chaco, Josefina Bittel; legisladores provinciales y funcionarios y representantes de diferentes entes p\u00fablicos. Adem\u00e1s, v\u00eda zoom, entre otras y otros, estuvieron: la jueza de Faltas de Charata, Claudia Araujo; el defensor de General San Mart\u00edn, Adri\u00e1n Va\u00f1ek; y la defensora de Villa \u00c1ngela, Cecilia Carauni.<\/p>\n","protected":false},"excerpt":{"rendered":"<p>Con la presencia del gobernador, realizaron el tercer encuentro para evaluar e intensificar trabajos en torno a la problem\u00e1tica. La Comisi\u00f3n de Emergencia trabaj\u00f3 en&hellip; <\/p>\n","protected":false},"author":2,"featured_media":1022,"comment_status":"open","ping_status":"open","sticky":false,"template":"","format":"standard","meta":{"footnotes":""},"categories":[9,5],"tags":[],"class_list":["post-1021","post","type-post","status-publish","format-standard","has-post-thumbnail","hentry","category-destacadas","category-politica"],"_links":{"self":[{"href":"https:\/\/lametro989.com\/index.php?rest_route=\/wp\/v2\/posts\/1021","targetHints":{"allow":["GET"]}}],"collection":[{"href":"https:\/\/lametro989.com\/index.php?rest_route=\/wp\/v2\/posts"}],"about":[{"href":"https:\/\/lametro989.com\/index.php?rest_route=\/wp\/v2\/types\/post"}],"author":[{"embeddable":true,"href":"https:\/\/lametro989.com\/index.php?rest_route=\/wp\/v2\/users\/2"}],"replies":[{"embeddable":true,"href":"https:\/\/lametro989.com\/index.php?rest_route=%2Fwp%2Fv2%2Fcomments&post=1021"}],"version-history":[{"count":1,"href":"https:\/\/lametro989.com\/index.php?rest_route=\/wp\/v2\/posts\/1021\/revisions"}],"predecessor-version":[{"id":1023,"href":"https:\/\/lametro989.com\/index.php?rest_route=\/wp\/v2\/posts\/1021\/revisions\/1023"}],"wp:featuredmedia":[{"embeddable":true,"href":"https:\/\/lametro989.com\/index.php?rest_route=\/wp\/v2\/media\/1022"}],"wp:attachment":[{"href":"https:\/\/lametro989.com\/index.php?rest_route=%2Fwp%2Fv2%2Fmedia&parent=1021"}],"wp:term":[{"taxonomy":"category","embeddable":true,"href":"https:\/\/lametro989.com\/index.php?rest_route=%2Fwp%2Fv2%2Fcategories&post=1021"},{"taxonomy":"post_tag","embeddable":true,"href":"https:\/\/lametro989.com\/index.php?rest_route=%2Fwp%2Fv2%2Ftags&post=1021"}],"curies":[{"name":"wp","href":"https:\/\/api.w.org\/{rel}","templated":true}]}}