{"id":1024,"date":"2023-07-10T22:36:18","date_gmt":"2023-07-11T01:36:18","guid":{"rendered":"https:\/\/lametro989.com\/?p=1024"},"modified":"2023-07-10T22:36:18","modified_gmt":"2023-07-11T01:36:18","slug":"liga-profesional-de-futbol-boca-vencio-a-un-golpeado-huracan-en-un-duelo-con-varias-polemicas","status":"publish","type":"post","link":"https:\/\/lametro989.com\/?p=1024","title":{"rendered":"Liga Profesional de F\u00fatbol: Boca venci\u00f3 a un golpeado Hurac\u00e1n en un duelo con varias pol\u00e9micas"},"content":{"rendered":"\n<p>El &#8220;Xeneize&#8221; se impuso por la m\u00ednima este lunes en la Bombonera y se meti\u00f3 en zona de clasificaci\u00f3n a la Sudamericana.<\/p>\n\n\n\n<figure class=\"wp-block-image size-full\"><img loading=\"lazy\" decoding=\"async\" width=\"610\" height=\"433\" src=\"https:\/\/lametro989.com\/wp-content\/uploads\/2023\/07\/imagen-115.png\" alt=\"\" class=\"wp-image-1025\" srcset=\"https:\/\/lametro989.com\/wp-content\/uploads\/2023\/07\/imagen-115.png 610w, https:\/\/lametro989.com\/wp-content\/uploads\/2023\/07\/imagen-115-300x213.png 300w\" sizes=\"auto, (max-width: 610px) 100vw, 610px\" \/><\/figure>\n\n\n\n<p>Por la <strong>fecha 24<\/strong> de la <strong>Liga Profesional de F\u00fatbol<\/strong> (LPF), <strong>Boca<\/strong> obtuvo este lunes un triunfo por 1-0 de local ante <strong>Hurac\u00e1n,<\/strong> que est\u00e1 en zona de descenso, para meterse en zona de clasificaci\u00f3n a la Copa Sudamericana.<\/p>\n\n\n\n<p>Luis V\u00e1zquez anot\u00f3 el \u00fanico tanto de la noche en la Bombonera, en un partido que cont\u00f3 con varias pol\u00e9micas: en la primera mitad, todo Boca pidi\u00f3 penal por una <a rel=\"noreferrer noopener\" href=\"https:\/\/www.minutouno.com\/deportes\/boca\/polemica-huracan-era-penal-hezze-barco-n5766841\" target=\"_blank\">supuesta infracci\u00f3n a Valent\u00edn Barco<\/a>; mientras que en el complemento, quien exigi\u00f3 la pena m\u00e1xima fue el &#8220;Globo&#8221; por una presunta mano de Marcelo Weigandt.<\/p>\n\n\n\n<p>Resumen de Boca 1 vs Hurac\u00e1n 0<\/p>\n\n\n\n<p>Las figuras del l\u00f3gico vencedor fueron su goleador, V\u00e1zquez, el juvenil Valent\u00edn Barco y Cristian Medina, su asistidor.<\/p>\n\n\n\n<p>Desde el comienzo del encuentro los locales salieron a plantarse en el campo adversario.<\/p>\n\n\n\n<p>Esta vez Almir\u00f3n plante\u00f3 un 4-4-2 para resolver la falta de extremos (siguen ausentes los lesionados Luca Langoni, Exequiel Zeballos y Norberto Briasco, el m\u00e1s recuperado que estuvo entre los suplentes y jug\u00f3 los \u00faltimos minutos ante su exclub).<\/p>\n\n\n\n<p>El t\u00e9cnico puso a Miguel Merentiel de extremo por el sector derecho del ataque a V\u00e1zquez de punta y por el otro lado a Barco como en los \u00faltimos partidos.<\/p>\n\n\n\n<p>Hurac\u00e1n no encontraba la pelota en el medio &#8211; siente mucho la ausencia del fracturado Federico Fattori- y con el buen trabajo de Guillermo &#8220;Pol&#8221; Fern\u00e1ndez, Medina y Varela, Boca era el dominador del juego.<\/p>\n\n\n\n<p>A los 5 minutos una gran jugada de Barco por Izquierda dej\u00f3 solo a V\u00e1zquez, que defini\u00f3 al cuerpo de Lucas Ch\u00e1ves.<\/p>\n\n\n\n<p>Los de Diego Mart\u00ednez no hac\u00edan pie ante un rival que a pesar de ser superior dejaba huecos en defensa que no eran aprovechados por su rival.<\/p>\n\n\n\n<p>A los 34 minutos otra buena acci\u00f3n del &#8220;Colo&#8221; habilit\u00f3 a Merentiel, que solo ante Ch\u00e1ves remat\u00f3 fuerte y muy alto.<\/p>\n\n\n\n<p>En el final del primer tiempo, en la m\u00e1s clara de esa etapa, despu\u00e9s de un c\u00f3rner, Frank Fabra encabez\u00f3 una contra y se fue solo a lo largo de 20 metros mientras era corrido de atr\u00e1s por el chileno Guillermo Soto, que no pudo impedir que el defensor colombiano estrellara el bal\u00f3n en el palo derecho del arco visitante, el rebote lo recogi\u00f3 el juvenil Barco, quien pate\u00f3 de zurda en el travesa\u00f1o y pic\u00f3 sobre la l\u00ednea del arco. Hubiese sido un acto de justicia para el que fue mejor en esta etapa.<\/p>\n\n\n\n<p>En el segundo tiempo al buen juego, el ganador le agreg\u00f3 eficacia en la red. Hasta que a los 11 minutos, en una buena intervenci\u00f3n de Barco que habilit\u00f3 a Medina, este con un pase &#8220;exquisito&#8221; le dio el gol a V\u00e1zquez para anotar el justo 1 a 0.<\/p>\n\n\n\n<p>Despu\u00e9s Boca fue graduando el ritmo, pero siempre con el control de juego. A los 24 minutos, en una jugada fuera de contexto, tras un centro de Santiago Hezze, la pelota peg\u00f3 en el brazo derecho de Marcelo Weigandt, pero el \u00e1rbitro Nicol\u00e1s Ram\u00edrez determin\u00f3 que no hubo intenci\u00f3n.<\/p>\n\n\n\n<p>Almir\u00f3n empez\u00f3 a cuidar energ\u00edas e hizo ingresar a Ezequiel Fern\u00e1ndez, un volante, con un punta como Merentiel, y luego sac\u00f3 a los m\u00e1s ovacionados: V\u00e1zquez, Barco y Medina.<\/p>\n\n\n\n<p>El &#8220;Xeneize&#8221; sald\u00f3 una deuda con su juego, pero ahora se ver\u00e1 si la puede mantener cuando juegue el pr\u00f3ximo domingo ante Gimnasia desde las 16.30, en La Plata.<\/p>\n\n\n\n<p>Mientras que Hurac\u00e1n recibir\u00e1 a Talleres, de C\u00f3rdoba, el viernes desde las 21.30, ambos por la fecha 25 de la Liga Profesional.<\/p>\n","protected":false},"excerpt":{"rendered":"<p>El &#8220;Xeneize&#8221; se impuso por la m\u00ednima este lunes en la Bombonera y se meti\u00f3 en zona de clasificaci\u00f3n a la Sudamericana. Por la fecha&hellip; <\/p>\n","protected":false},"author":2,"featured_media":1025,"comment_status":"open","ping_status":"open","sticky":false,"template":"","format":"standard","meta":{"footnotes":""},"categories":[10],"tags":[],"class_list":["post-1024","post","type-post","status-publish","format-standard","has-post-thumbnail","hentry","category-deportes"],"_links":{"self":[{"href":"https:\/\/lametro989.com\/index.php?rest_route=\/wp\/v2\/posts\/1024","targetHints":{"allow":["GET"]}}],"collection":[{"href":"https:\/\/lametro989.com\/index.php?rest_route=\/wp\/v2\/posts"}],"about":[{"href":"https:\/\/lametro989.com\/index.php?rest_route=\/wp\/v2\/types\/post"}],"author":[{"embeddable":true,"href":"https:\/\/lametro989.com\/index.php?rest_route=\/wp\/v2\/users\/2"}],"replies":[{"embeddable":true,"href":"https:\/\/lametro989.com\/index.php?rest_route=%2Fwp%2Fv2%2Fcomments&post=1024"}],"version-history":[{"count":1,"href":"https:\/\/lametro989.com\/index.php?rest_route=\/wp\/v2\/posts\/1024\/revisions"}],"predecessor-version":[{"id":1026,"href":"https:\/\/lametro989.com\/index.php?rest_route=\/wp\/v2\/posts\/1024\/revisions\/1026"}],"wp:featuredmedia":[{"embeddable":true,"href":"https:\/\/lametro989.com\/index.php?rest_route=\/wp\/v2\/media\/1025"}],"wp:attachment":[{"href":"https:\/\/lametro989.com\/index.php?rest_route=%2Fwp%2Fv2%2Fmedia&parent=1024"}],"wp:term":[{"taxonomy":"category","embeddable":true,"href":"https:\/\/lametro989.com\/index.php?rest_route=%2Fwp%2Fv2%2Fcategories&post=1024"},{"taxonomy":"post_tag","embeddable":true,"href":"https:\/\/lametro989.com\/index.php?rest_route=%2Fwp%2Fv2%2Ftags&post=1024"}],"curies":[{"name":"wp","href":"https:\/\/api.w.org\/{rel}","templated":true}]}}