{"id":1027,"date":"2023-07-10T22:40:35","date_gmt":"2023-07-11T01:40:35","guid":{"rendered":"https:\/\/lametro989.com\/?p=1027"},"modified":"2023-07-10T22:50:14","modified_gmt":"2023-07-11T01:50:14","slug":"l-gante-mas-complicado-hallaron-un-celular-robado-entre-sus-pertenencias","status":"publish","type":"post","link":"https:\/\/lametro989.com\/?p=1027","title":{"rendered":"L-Gante, m\u00e1s complicado: hallaron un celular robado entre sus pertenencias"},"content":{"rendered":"\n<p>Cuando el pasado 6 de junio la polic\u00eda bonaerense detuvo a <strong>Eli\u00e1n Valenzuela<\/strong>, m\u00e1s conocido como <strong>L-Gante<\/strong>, por la privaci\u00f3n ileg\u00edtima de la libertad y amenazas a dos empleados municipales, el grupo especial realiz\u00f3 un <strong>allanamiento d\u00f3nde secuestraron r\u00e9plicas de armas y tel\u00e9fonos celulares, uno de los cuales era robado<\/strong>.<\/p>\n\n\n\n<figure class=\"wp-block-image size-large\"><img loading=\"lazy\" decoding=\"async\" width=\"1024\" height=\"576\" src=\"https:\/\/lametro989.com\/wp-content\/uploads\/2023\/07\/imagen-116-1024x576.png\" alt=\"\" class=\"wp-image-1028\" srcset=\"https:\/\/lametro989.com\/wp-content\/uploads\/2023\/07\/imagen-116-1024x576.png 1024w, https:\/\/lametro989.com\/wp-content\/uploads\/2023\/07\/imagen-116-300x169.png 300w, https:\/\/lametro989.com\/wp-content\/uploads\/2023\/07\/imagen-116-768x432.png 768w, https:\/\/lametro989.com\/wp-content\/uploads\/2023\/07\/imagen-116.png 1140w\" sizes=\"auto, (max-width: 1024px) 100vw, 1024px\" \/><\/figure>\n\n\n\n<p>Los efectivo se llevaron cinco tel\u00e9fonos, dos de ellos pertenec\u00edan a las mujeres que lo acompa\u00f1aban ese d\u00eda. Los tres celulares restantes eran del cantante y, con el avance de la investigaci\u00f3n, se comprob\u00f3 que desde uno de ellos hab\u00eda realizado la amenaza que luego terminar\u00eda en una privaci\u00f3n ileg\u00edtima de la libertad y otro era robado, seg\u00fan se\u00f1alaron desde la justicia.<\/p>\n\n\n\n<p><strong>Este \u00faltimo dato fue descubierto hace pocos d\u00edas por el fiscal Ra\u00fal Villalba<\/strong>, que a trav\u00e9s del IMEI del aparato logr\u00f3 contactarse con el due\u00f1o, que present\u00f3 documentaci\u00f3n respaldatoria y dio detalles del robo. Es por este motivo que, en las pr\u00f3ximas horas, a L-Gante se le sumar\u00e1 la imputaci\u00f3n de encubrimiento agravado, juntamente por tener en su poder un elemento robado.<\/p>\n\n\n\n<p>Esto llevar\u00e1 a una ampliaci\u00f3n de imputaci\u00f3n y posiblemente el jueves de esta semana, L-Gante sea trasladado a la fiscal\u00eda para ser informado de la nueva acusaci\u00f3n.<\/p>\n\n\n\n<p>Todo esto complica m\u00e1s la situaci\u00f3n del artista, que este fin de semana, el juez Gabriel Castro le dict\u00f3 al cantante la prisi\u00f3n preventiva, acusado de los delitos de <strong>&#8220;amenazas simples en concurso real con privaci\u00f3n ileg\u00edtima de la libertad en concurso ideal con amenazas coactivas&#8221;.<\/strong><\/p>\n\n\n\n<p>Este fin de semana, el juez <strong>Gabriel Castro<\/strong> le dict\u00f3 al cantante la prisi\u00f3n preventiva, acusado de <strong>los delitos de amenazas simples en concurso real con privaci\u00f3n ileg\u00edtima de la libertad <\/strong>en concurso ideal con amenazas coactivas.<\/p>\n\n\n\n<p>En sus argumentos, el juez explic\u00f3: \u201cEntiendo que el plexo probatorio rese\u00f1ado, resulta del todo <strong>veros\u00edmil, coherente y de suficiente entidad<\/strong> como para afirmar con fundamento que se encuentra justificada la existencia de los delitos achacados\u201d. Es decir, para el magistrado las pruebas son <strong>contundentes<\/strong>.<\/p>\n\n\n\n<p>Adem\u00e1s, Castro entiende que aun hoy persisten, aunque con menor peligrosidad, <strong>riesgos procesales como el entorpecimiento de la causa y el no apego al proceso por parte de L-Gante<\/strong>.<\/p>\n\n\n\n<p>Por estas ultimas razones, es que el magistrado dict\u00f3 la <strong>prisi\u00f3n preventiva<\/strong>. Si bien desde la Justicia ya consultan sobre posibles cupos en penales bonaerenses, en su escrito el juez dej\u00f3 abierta una peque\u00f1a puerta para una posible <strong>prisi\u00f3n domiciliaria<\/strong>. Esta cuesti\u00f3n se resolver\u00eda en pocos d\u00edas.<\/p>\n\n\n\n<h3 class=\"wp-block-heading\">El mensaje de L-Gante tras el rev\u00e9s de su prisi\u00f3n preventiva<\/h3>\n\n\n\n<p>Desde su cuenta de Instagram, L-Gante dej\u00f3 un mensaje en las \u00faltimas tras confirmarse su prisi\u00f3n preventiva. <strong>&#8220;Otra noche, otro d\u00eda. Otra rima, otra poes\u00eda. Otra cama que no es la m\u00eda. Otro trago m\u00e1s para la herida. Gracias a todos los que me bancan en esta&#8221;<\/strong>, expres\u00f3 el cantante.<\/p>\n\n\n\n<figure class=\"wp-block-image\"><img decoding=\"async\" src=\"https:\/\/media.diariopopular.com.ar\/p\/36ec3f1a677fea8274f565e2dd829b8e\/adjuntos\/143\/imagenes\/008\/096\/0008096786\/1140x0\/smart\/l-gante-posteojpg.jpg\" alt=\"El posteo de L-Gante tras la prisi&oacute;n preventiva que lo mantiene detenido en DDI&nbsp;de&nbsp;Quilmes.\" title=\"\"\/><\/figure>\n\n\n\n<p>El posteo de L-Gante tras la prisi\u00f3n preventiva que lo mantiene detenido en DDI de Quilmes.<\/p>\n\n\n\n<p>De esta manera no prosper\u00f3 el pedido de la defensa del artista llevada adelante por el abogado <strong>Juan Pablo Merlo<\/strong> quien hab\u00eda solicitado un pedido de excarcelaci\u00f3n extraordinaria, y contin\u00faa detenido en una celda de la DDI de Quilmes.<\/p>\n\n\n\n<p>Eli\u00e1n Valenzuela recibe en prisi\u00f3n la visita de familiares y allegados como su expareja Tamara B\u00e1ez y la hija de ambos, Jamaica Valenzuela.<\/p>\n\n\n\n<h2 class=\"wp-block-heading\">C\u00f3mo fue la detenci\u00f3n de L-Gante<\/h2>\n\n\n\n<p>El exponente de la cumbia 420 y sus amigos sal\u00edan de bailar de un boliche de General Rodr\u00edguez, cuando tuvieron un <strong>altercado con otro grupo<\/strong>, entre los que hab\u00eda un empleado municipal vecino del barrio.<\/p>\n\n\n\n<p>En ese momento, la Guardia Urbana de Protecci\u00f3n Ciudadana del Municipio demor\u00f3 a los involucrados y L-Gante amenaz\u00f3 al empleado municipal, <strong>le apunt\u00f3 con una pistola, lo oblig\u00f3 a subir a su auto y se lo llev\u00f3<\/strong>, seg\u00fan afirmaron testigos. Pocas cuadras despu\u00e9s encontr\u00f3 a la segunda v\u00edctima y tambi\u00e9n lo subi\u00f3 a su auto.<\/p>\n\n\n\n<p>Cuando se enter\u00f3 de que sus amigos hab\u00edan sido s\u00f3lo identificados y no detenidos, dej\u00f3 descender de su veh\u00edculo a las personas que reten\u00eda.<\/p>\n","protected":false},"excerpt":{"rendered":"<p>Cuando el pasado 6 de junio la polic\u00eda bonaerense detuvo a Eli\u00e1n Valenzuela, m\u00e1s conocido como L-Gante, por la privaci\u00f3n ileg\u00edtima de la libertad y&hellip; <\/p>\n","protected":false},"author":2,"featured_media":1028,"comment_status":"open","ping_status":"open","sticky":false,"template":"","format":"standard","meta":{"footnotes":""},"categories":[9,13],"tags":[],"class_list":["post-1027","post","type-post","status-publish","format-standard","has-post-thumbnail","hentry","category-destacadas","category-nacionales"],"_links":{"self":[{"href":"https:\/\/lametro989.com\/index.php?rest_route=\/wp\/v2\/posts\/1027","targetHints":{"allow":["GET"]}}],"collection":[{"href":"https:\/\/lametro989.com\/index.php?rest_route=\/wp\/v2\/posts"}],"about":[{"href":"https:\/\/lametro989.com\/index.php?rest_route=\/wp\/v2\/types\/post"}],"author":[{"embeddable":true,"href":"https:\/\/lametro989.com\/index.php?rest_route=\/wp\/v2\/users\/2"}],"replies":[{"embeddable":true,"href":"https:\/\/lametro989.com\/index.php?rest_route=%2Fwp%2Fv2%2Fcomments&post=1027"}],"version-history":[{"count":1,"href":"https:\/\/lametro989.com\/index.php?rest_route=\/wp\/v2\/posts\/1027\/revisions"}],"predecessor-version":[{"id":1029,"href":"https:\/\/lametro989.com\/index.php?rest_route=\/wp\/v2\/posts\/1027\/revisions\/1029"}],"wp:featuredmedia":[{"embeddable":true,"href":"https:\/\/lametro989.com\/index.php?rest_route=\/wp\/v2\/media\/1028"}],"wp:attachment":[{"href":"https:\/\/lametro989.com\/index.php?rest_route=%2Fwp%2Fv2%2Fmedia&parent=1027"}],"wp:term":[{"taxonomy":"category","embeddable":true,"href":"https:\/\/lametro989.com\/index.php?rest_route=%2Fwp%2Fv2%2Fcategories&post=1027"},{"taxonomy":"post_tag","embeddable":true,"href":"https:\/\/lametro989.com\/index.php?rest_route=%2Fwp%2Fv2%2Ftags&post=1027"}],"curies":[{"name":"wp","href":"https:\/\/api.w.org\/{rel}","templated":true}]}}