{"id":1031,"date":"2023-07-10T22:47:07","date_gmt":"2023-07-11T01:47:07","guid":{"rendered":"https:\/\/lametro989.com\/?p=1031"},"modified":"2023-07-10T22:56:54","modified_gmt":"2023-07-11T01:56:54","slug":"alexis-quiroga-hablo-de-su-supuesto-romance-con-karina-la-princesita","status":"publish","type":"post","link":"https:\/\/lametro989.com\/?p=1031","title":{"rendered":"Alexis Quiroga habl\u00f3 de su supuesto romance con Karina La Princesita"},"content":{"rendered":"\n<p>El ex Gran Hermano rompi\u00f3 el silencio tras las versiones que aseguraban que se habr\u00eda ido de la fiesta de los Mart\u00edn Fierro con la cantante.<\/p>\n\n\n\n<figure class=\"wp-block-image size-full\"><img loading=\"lazy\" decoding=\"async\" width=\"610\" height=\"466\" src=\"https:\/\/lametro989.com\/wp-content\/uploads\/2023\/07\/imagen-117.png\" alt=\"\" class=\"wp-image-1032\" srcset=\"https:\/\/lametro989.com\/wp-content\/uploads\/2023\/07\/imagen-117.png 610w, https:\/\/lametro989.com\/wp-content\/uploads\/2023\/07\/imagen-117-300x229.png 300w\" sizes=\"auto, (max-width: 610px) 100vw, 610px\" \/><\/figure>\n\n\n\n<p>Despu\u00e9s de la entrega de los premios<strong> Mart\u00edn Fierro<\/strong> se organiz\u00f3 una fiesta y la gran mayor\u00eda de los famosos asisti\u00f3. De hecho, este lunes, comenz\u00f3 a correr el rumor de que <strong>Karina La Princesita<\/strong> se habr\u00eda ido con <strong>Alexis Quiroga<\/strong>, el ex participante de Gran Hermano.<\/p>\n\n\n\n<p>Tras los rumores, el Conejo habl\u00f3 con Ciudad y dio su versi\u00f3n de los hechos. &#8220;Nos vieron salir con Marcos Ginocchio y ella de los Mart\u00edn Fierro, <strong>\u00a1y sacaron esa versi\u00f3n!&#8221;<\/strong>, arranc\u00f3 el cordob\u00e9s.<\/p>\n\n\n\n<p>Luego, el ex de Coti Romero agreg\u00f3:<strong> &#8220;Nada que ver, lejos de eso&#8221;<\/strong>. &#8220;De hecho, <strong>habl\u00e9 muy poco con Karina&#8221;,<\/strong> enfatiz\u00f3 para despegarse de la versi\u00f3n de incipiente romance.<\/p>\n\n\n\n<p><strong>&#8220;Yo me vine a mi casa por qu\u00e9 est\u00e1 ma\u00f1ana ten\u00eda que ensayar por el Bailando&#8221;<\/strong>, cerr\u00f3 el Conejo de Gran Hermano 2022 descartando una relaci\u00f3n con Karina la Princesita.<\/p>\n","protected":false},"excerpt":{"rendered":"<p>El ex Gran Hermano rompi\u00f3 el silencio tras las versiones que aseguraban que se habr\u00eda ido de la fiesta de los Mart\u00edn Fierro con la&hellip; <\/p>\n","protected":false},"author":2,"featured_media":1032,"comment_status":"open","ping_status":"open","sticky":false,"template":"","format":"standard","meta":{"footnotes":""},"categories":[13],"tags":[],"class_list":["post-1031","post","type-post","status-publish","format-standard","has-post-thumbnail","hentry","category-nacionales"],"_links":{"self":[{"href":"https:\/\/lametro989.com\/index.php?rest_route=\/wp\/v2\/posts\/1031","targetHints":{"allow":["GET"]}}],"collection":[{"href":"https:\/\/lametro989.com\/index.php?rest_route=\/wp\/v2\/posts"}],"about":[{"href":"https:\/\/lametro989.com\/index.php?rest_route=\/wp\/v2\/types\/post"}],"author":[{"embeddable":true,"href":"https:\/\/lametro989.com\/index.php?rest_route=\/wp\/v2\/users\/2"}],"replies":[{"embeddable":true,"href":"https:\/\/lametro989.com\/index.php?rest_route=%2Fwp%2Fv2%2Fcomments&post=1031"}],"version-history":[{"count":1,"href":"https:\/\/lametro989.com\/index.php?rest_route=\/wp\/v2\/posts\/1031\/revisions"}],"predecessor-version":[{"id":1033,"href":"https:\/\/lametro989.com\/index.php?rest_route=\/wp\/v2\/posts\/1031\/revisions\/1033"}],"wp:featuredmedia":[{"embeddable":true,"href":"https:\/\/lametro989.com\/index.php?rest_route=\/wp\/v2\/media\/1032"}],"wp:attachment":[{"href":"https:\/\/lametro989.com\/index.php?rest_route=%2Fwp%2Fv2%2Fmedia&parent=1031"}],"wp:term":[{"taxonomy":"category","embeddable":true,"href":"https:\/\/lametro989.com\/index.php?rest_route=%2Fwp%2Fv2%2Fcategories&post=1031"},{"taxonomy":"post_tag","embeddable":true,"href":"https:\/\/lametro989.com\/index.php?rest_route=%2Fwp%2Fv2%2Ftags&post=1031"}],"curies":[{"name":"wp","href":"https:\/\/api.w.org\/{rel}","templated":true}]}}