{"id":1034,"date":"2023-07-10T22:56:26","date_gmt":"2023-07-11T01:56:26","guid":{"rendered":"https:\/\/lametro989.com\/?p=1034"},"modified":"2023-07-10T22:57:04","modified_gmt":"2023-07-11T01:57:04","slug":"gral-san-martin-agentes-viales-incautaron-automovil-con-pedido-de-secuestro","status":"publish","type":"post","link":"https:\/\/lametro989.com\/?p=1034","title":{"rendered":"GRAL SAN MART\u00cdN: AGENTES VIALES INCAUTARON AUTOM\u00d3VIL CON PEDIDO DE SECUESTRO"},"content":{"rendered":"\n<p><strong>Se trataba de un Chevrolet Spark solicitada por la provincia de Misiones<\/strong><\/p>\n\n\n\n<figure class=\"wp-block-image size-large\"><img loading=\"lazy\" decoding=\"async\" width=\"1024\" height=\"768\" src=\"https:\/\/lametro989.com\/wp-content\/uploads\/2023\/07\/imagen-118-1024x768.png\" alt=\"\" class=\"wp-image-1035\" srcset=\"https:\/\/lametro989.com\/wp-content\/uploads\/2023\/07\/imagen-118-1024x768.png 1024w, https:\/\/lametro989.com\/wp-content\/uploads\/2023\/07\/imagen-118-300x225.png 300w, https:\/\/lametro989.com\/wp-content\/uploads\/2023\/07\/imagen-118-768x576.png 768w, https:\/\/lametro989.com\/wp-content\/uploads\/2023\/07\/imagen-118-1536x1153.png 1536w, https:\/\/lametro989.com\/wp-content\/uploads\/2023\/07\/imagen-118.png 1599w\" sizes=\"auto, (max-width: 1024px) 100vw, 1024px\" \/><\/figure>\n\n\n\n<p>Efectivos de la Divisi\u00f3n Verificaci\u00f3n Vehicular de General San Mart\u00edn incautaron un autom\u00f3vil, por presentar pedido de secuestro.<\/p>\n\n\n\n<p>Se trat\u00f3 de un veh\u00edculo marca Chevrolet, modelo Spark, el cual fue verificado por el personal id\u00f3neo quien, al consultar la numeraci\u00f3n de motor y chasis en la DNRPA , comprob\u00f3 que ten\u00eda un pedido de secuestro, con intervenci\u00f3n del Juzgado Civil y Comercial y por la polic\u00eda de la provincia de Misiones.<\/p>\n\n\n\n<p>El rodado hab\u00eda sido llevado por un hombre de 36 a\u00f1os, para realizar la verificaci\u00f3n f\u00edsica.<\/p>\n\n\n\n<p>Finalmente, conforme a lo dispuesto por el \u00f3rgano judicial consultado, el veh\u00edculo fue secuestrado y el conductor notificado de su situaci\u00f3n legal.<\/p>\n","protected":false},"excerpt":{"rendered":"<p>Se trataba de un Chevrolet Spark solicitada por la provincia de Misiones Efectivos de la Divisi\u00f3n Verificaci\u00f3n Vehicular de General San Mart\u00edn incautaron un autom\u00f3vil,&hellip; <\/p>\n","protected":false},"author":2,"featured_media":1035,"comment_status":"open","ping_status":"open","sticky":false,"template":"","format":"standard","meta":{"footnotes":""},"categories":[9,2],"tags":[],"class_list":["post-1034","post","type-post","status-publish","format-standard","has-post-thumbnail","hentry","category-destacadas","category-provinciales"],"_links":{"self":[{"href":"https:\/\/lametro989.com\/index.php?rest_route=\/wp\/v2\/posts\/1034","targetHints":{"allow":["GET"]}}],"collection":[{"href":"https:\/\/lametro989.com\/index.php?rest_route=\/wp\/v2\/posts"}],"about":[{"href":"https:\/\/lametro989.com\/index.php?rest_route=\/wp\/v2\/types\/post"}],"author":[{"embeddable":true,"href":"https:\/\/lametro989.com\/index.php?rest_route=\/wp\/v2\/users\/2"}],"replies":[{"embeddable":true,"href":"https:\/\/lametro989.com\/index.php?rest_route=%2Fwp%2Fv2%2Fcomments&post=1034"}],"version-history":[{"count":1,"href":"https:\/\/lametro989.com\/index.php?rest_route=\/wp\/v2\/posts\/1034\/revisions"}],"predecessor-version":[{"id":1036,"href":"https:\/\/lametro989.com\/index.php?rest_route=\/wp\/v2\/posts\/1034\/revisions\/1036"}],"wp:featuredmedia":[{"embeddable":true,"href":"https:\/\/lametro989.com\/index.php?rest_route=\/wp\/v2\/media\/1035"}],"wp:attachment":[{"href":"https:\/\/lametro989.com\/index.php?rest_route=%2Fwp%2Fv2%2Fmedia&parent=1034"}],"wp:term":[{"taxonomy":"category","embeddable":true,"href":"https:\/\/lametro989.com\/index.php?rest_route=%2Fwp%2Fv2%2Fcategories&post=1034"},{"taxonomy":"post_tag","embeddable":true,"href":"https:\/\/lametro989.com\/index.php?rest_route=%2Fwp%2Fv2%2Ftags&post=1034"}],"curies":[{"name":"wp","href":"https:\/\/api.w.org\/{rel}","templated":true}]}}