{"id":10354,"date":"2024-04-06T10:54:16","date_gmt":"2024-04-06T13:54:16","guid":{"rendered":"https:\/\/lametro989.com\/?p=10354"},"modified":"2024-04-06T10:54:16","modified_gmt":"2024-04-06T13:54:16","slug":"ajuste-para-unos-ascensos-para-otros-promovieron-al-hermano-de-manuel-adorni-y-cobrara-4-millones","status":"publish","type":"post","link":"https:\/\/lametro989.com\/?p=10354","title":{"rendered":"Ajuste para unos, ascensos para otros: promovieron al hermano de Manuel Adorni y cobrar\u00e1 $4 millones"},"content":{"rendered":"\n<p>Mientras Manuel Adorni se congratula por el despido de m\u00e1s de 15 mil trabajadores de la Administraci\u00f3n P\u00fablica Nacional, su hermano sigue ascendiendo y accediendo a contratos millonarios.<\/p>\n\n\n\n<figure class=\"wp-block-image size-full\"><img loading=\"lazy\" decoding=\"async\" width=\"610\" height=\"419\" src=\"https:\/\/lametro989.com\/wp-content\/uploads\/2024\/04\/image-71.png\" alt=\"\" class=\"wp-image-10355\" srcset=\"https:\/\/lametro989.com\/wp-content\/uploads\/2024\/04\/image-71.png 610w, https:\/\/lametro989.com\/wp-content\/uploads\/2024\/04\/image-71-300x206.png 300w\" sizes=\"auto, (max-width: 610px) 100vw, 610px\" \/><\/figure>\n\n\n\n<p>Apenas dos meses despu\u00e9s de haber sido nombrado asesor en el ministerio de Defensa sin experiencia previa comprobable alguna,&nbsp;<strong>Francisco Adorni<\/strong>, el hermano del vocero presidencial&nbsp;<strong>Manuel Adorni<\/strong>&nbsp;fue ahora ascendido y&nbsp;pasar\u00e1 a cobrar 4 millones de pesos mensuales.<\/p>\n\n\n\n<p>As\u00ed lo revel\u00f3 este viernes\u00a0<em>La Pol\u00edtica Online\u00a0<\/em>tras dar a conocer la Resoluci\u00f3n que promueve al hermano del vocero presidencial a auditor de la cartera que conduce\u00a0<strong>Luis Petri<\/strong>. <\/p>\n\n\n\n<p>La promoci\u00f3n de Adorni est\u00e1 fechada el 26 de marzo y tiene como funci\u00f3n auditar los procedimientos internos, una labor conjunta con la Sindicatura General de la Naci\u00f3n (SIGEN) que operar\u00e1 como una suerte de \u00f3rgano extraministerial pero bajo la \u00f3rbita de Defensa.&nbsp;Un cargo con rango de subsecretar\u00eda.<\/p>\n\n\n\n<figure class=\"wp-block-image\"><img decoding=\"async\" src=\"https:\/\/media.minutouno.com\/p\/e555e93e0b0df2531855667f294f9c43\/adjuntos\/150\/imagenes\/041\/356\/0041356863\/610x0\/smart\/adorni-hermanojpg.jpg\" alt=\"\" title=\"\"\/><\/figure>\n\n\n\n<p>Seg\u00fan indicaron desde el ministerio de Defensa a&nbsp;<em>LPO<\/em>&nbsp;que &#8220;siguen d\u00e1ndole poder y funciones a los parientes, mientras echan empleados calificados y con antig\u00fcedad&#8221;.<\/p>\n\n\n\n<p>Este nuevo nombramiento tuvo lugar apenas cinco d\u00edas antes del vencimiento de miles de contratos de trabajadores estatales a los que no se los renov\u00f3 y se los dej\u00f3 en la calle. Mientras el vocero presidencial celebra el despido de 15 mil trabajadores y el diputado&nbsp;<strong>Jos\u00e9 Luis Espert&nbsp;<\/strong>los trata de &#8220;\u00f1oquis&#8221; y &#8220;delincuentes&#8221; a pesar que muchos de ellos tienen m\u00e1s de 30 a\u00f1os de antig\u00fcedad, Francisco Adorni, asciende a pasos agigantados.<\/p>\n\n\n\n<p>La experiencia de Adorni en temas de Defensa sigue siendo un misterio sin revolver.&nbsp;Antes de la llegada de su hermano a la primera l\u00ednea de poder, hab\u00eda atendido un negocio de venta de bazar&nbsp;que Manuel se encarg\u00f3 de difundir por Instagram.<\/p>\n\n\n\n<p>En enero Francisco hab\u00eda sido nombrado como asesor del Ministerio de Defensa con un sueldo de 2,6 millones de pesos,&nbsp;en medio de un fuerte ajuste en el sector p\u00fablico. Manuel se despeg\u00f3 de la situaci\u00f3n, justific\u00f3 el trabajo de su hermano y aclar\u00f3 que &#8220;no tuvo nada que ver&#8221;. El ahora auditor pasar\u00e1 a cobrar 4 millones de pesos.<\/p>\n","protected":false},"excerpt":{"rendered":"<p>Mientras Manuel Adorni se congratula por el despido de m\u00e1s de 15 mil trabajadores de la Administraci\u00f3n P\u00fablica Nacional, su hermano sigue ascendiendo y accediendo&hellip; <\/p>\n","protected":false},"author":2,"featured_media":10355,"comment_status":"open","ping_status":"open","sticky":false,"template":"","format":"standard","meta":{"footnotes":""},"categories":[9,5],"tags":[],"class_list":["post-10354","post","type-post","status-publish","format-standard","has-post-thumbnail","hentry","category-destacadas","category-politica"],"_links":{"self":[{"href":"https:\/\/lametro989.com\/index.php?rest_route=\/wp\/v2\/posts\/10354","targetHints":{"allow":["GET"]}}],"collection":[{"href":"https:\/\/lametro989.com\/index.php?rest_route=\/wp\/v2\/posts"}],"about":[{"href":"https:\/\/lametro989.com\/index.php?rest_route=\/wp\/v2\/types\/post"}],"author":[{"embeddable":true,"href":"https:\/\/lametro989.com\/index.php?rest_route=\/wp\/v2\/users\/2"}],"replies":[{"embeddable":true,"href":"https:\/\/lametro989.com\/index.php?rest_route=%2Fwp%2Fv2%2Fcomments&post=10354"}],"version-history":[{"count":1,"href":"https:\/\/lametro989.com\/index.php?rest_route=\/wp\/v2\/posts\/10354\/revisions"}],"predecessor-version":[{"id":10356,"href":"https:\/\/lametro989.com\/index.php?rest_route=\/wp\/v2\/posts\/10354\/revisions\/10356"}],"wp:featuredmedia":[{"embeddable":true,"href":"https:\/\/lametro989.com\/index.php?rest_route=\/wp\/v2\/media\/10355"}],"wp:attachment":[{"href":"https:\/\/lametro989.com\/index.php?rest_route=%2Fwp%2Fv2%2Fmedia&parent=10354"}],"wp:term":[{"taxonomy":"category","embeddable":true,"href":"https:\/\/lametro989.com\/index.php?rest_route=%2Fwp%2Fv2%2Fcategories&post=10354"},{"taxonomy":"post_tag","embeddable":true,"href":"https:\/\/lametro989.com\/index.php?rest_route=%2Fwp%2Fv2%2Ftags&post=10354"}],"curies":[{"name":"wp","href":"https:\/\/api.w.org\/{rel}","templated":true}]}}