{"id":10357,"date":"2024-04-06T11:01:12","date_gmt":"2024-04-06T14:01:12","guid":{"rendered":"https:\/\/lametro989.com\/?p=10357"},"modified":"2024-04-06T11:01:12","modified_gmt":"2024-04-06T14:01:12","slug":"tras-el-alineamiento-irrestricto-con-los-ee-uu-alberto-fernandez-trato-de-servil-a-javier-milei","status":"publish","type":"post","link":"https:\/\/lametro989.com\/?p=10357","title":{"rendered":"Tras el alineamiento irrestricto con los EE.UU. Alberto Fern\u00e1ndez trat\u00f3 de &#8220;servil&#8221; a Javier Milei"},"content":{"rendered":"\n<p>Al lado de la generala del Comando Sur del Ej\u00e9rcito de los Estados Unidos Javier Milei anunci\u00f3 hoy la adopci\u00f3n de una &#8220;nueva doctrina de pol\u00edtica exterior&#8221;. Dura cr\u00edtica del ex presidente Alberto Fern\u00e1ndez.<\/p>\n\n\n\n<figure class=\"wp-block-image size-full\"><img loading=\"lazy\" decoding=\"async\" width=\"610\" height=\"457\" src=\"https:\/\/lametro989.com\/wp-content\/uploads\/2024\/04\/image-72.png\" alt=\"\" class=\"wp-image-10358\" srcset=\"https:\/\/lametro989.com\/wp-content\/uploads\/2024\/04\/image-72.png 610w, https:\/\/lametro989.com\/wp-content\/uploads\/2024\/04\/image-72-300x225.png 300w\" sizes=\"auto, (max-width: 610px) 100vw, 610px\" \/><\/figure>\n\n\n\n<p>Acompa\u00f1ado por la generala del Comando Sur de los Estados Unidos,&nbsp;<strong>Laura Richardson,<\/strong>&nbsp;el presidente&nbsp;<strong>Javier Milei<\/strong>&nbsp;anunci\u00f3 este viernes&nbsp;&#8220;una nueva doctrina de pol\u00edtica exterior&#8221; que ubica a la Argentina como adlater acr\u00edtico de las posiciones de Washington.<\/p>\n\n\n\n<p>Las cr\u00edticas, por el inicio de un nuevo per\u00edodo de relaciones carnales con los Estados Unidos que recuerda a la pol\u00edtica exterior durante los gobiernos de<strong>\u00a0Carlos Menem<\/strong>, no se hicieron esperar. Uno de los m\u00e1s vehementes en sus consideraciones fue el ex presidente\u00a0<strong>Alberto Fern\u00e1ndez<\/strong>\u00a0quien a trav\u00e9s de su cuenta en la red social X\u00a0advirti\u00f3 que la pol\u00edtica de Milei &#8220;nos llena de verg\u00fcenza como naci\u00f3n&#8221;.<\/p>\n\n\n\n<p>&#8220;El Presidente argentino, hablando de &#8216;expansiones territoriales&#8217;, disfrazado de militar junto a una autoridad del ej\u00e9rcito de Estados Unidos,&nbsp;nos llena de verg\u00fcenza como Naci\u00f3n. Ha dado un innecesario discurso que expresa la sumisi\u00f3n argentina a una naci\u00f3n extranjera&#8221;, advirti\u00f3 Fern\u00e1ndez.<\/p>\n\n\n\n<p>Y sigui\u00f3: &#8220;sus palabras son tambi\u00e9n una provocaci\u00f3n a nuestras hermanas naciones vecinas y a todos los pa\u00edses con quienes sostenemos fuertes lazos comerciales y culturales.&nbsp;Temo que el Presidente de Argentina, no tom\u00f3 nota ni del fin de la guerra fr\u00eda ni de la geopol\u00edtica que hoy se observa en el mundo&#8221;.<\/p>\n\n\n\n<p>&#8220;Su servilismo es humillante. Creo que nadie le pidi\u00f3 tanto. Ni las autoridades de los Estados Unidos&#8221;, concluy\u00f3&nbsp;tajante Fern\u00e1ndez.<\/p>\n\n\n\n<p>M\u00e1s temprano Milei hab\u00eda encabezado la entrega de un avi\u00f3n H\u00e9rcules que fue donado por los Estados Unidos a la Fuerza A\u00e9rea argentina.<\/p>\n\n\n\n<p>Durante el acto y ante la generala Richardson, el mandatario&nbsp;anunci\u00f3 la adopci\u00f3n de &#8220;una nueva doctrina de pol\u00edtica exterior&#8221;.<\/p>\n\n\n\n<p>&#8220;Nuestra alianza con los Estados Unidos es una declaraci\u00f3n de la Argentina para el mundo&#8221;, asegur\u00f3&nbsp;Milei.<\/p>\n\n\n\n<p>\u201cQuiero agradecerle la donaci\u00f3n que nos ayudar\u00e1 a sostener el enlace a\u00e9reo permanente con nuestras bases ant\u00e1rticas afianzando as\u00ed nuestra presencia en el continente blanco\u201d, destac\u00f3 Milei.<\/p>\n\n\n\n<p>Y sigui\u00f3: \u201choy enfrentamos la ardua tarea de revertir la decadencia y quiero aprovechar, a la vista de la general Richardson, para anunciar una nueva doctrina de pol\u00edtica exterior para la Argentina.&nbsp;Las alianzas tienen que estar ancladas en una visi\u00f3n com\u00fan del mundo y no deben someterse a los que atentan contra los valores de Occidente. Esto se funda en la defensa de la vida, la libertad y la propiedad privadas de las personas.&nbsp;Estamos a favor de la libertad de expresi\u00f3n para todos; de la libertad de cultos para todos; de producir y trabajar para todos; en consecuencia, estamos en contra de la tiran\u00eda y del fanatismo religioso en todos lados\u201d.<\/p>\n\n\n\n<p>\u201cCon nosotros se inaugura una nueva \u00e9poca de las relaciones de Argentina con el mundo.&nbsp;Nuestra alianza con los Estados Unidos, demostrada a lo largo de estos primeros meses de gesti\u00f3n, es una declaraci\u00f3n para el mundo&nbsp;de que, luego de d\u00e9cadas de discursos rimbombantes y pactos espurios, la Argentina ha decidido retomar el rol protag\u00f3nico que nunca debi\u00f3 abandonar. Esta nueva pol\u00edtica exterior nos permitir\u00e1 promover la prosperidad econ\u00f3mica de nuestros pueblos, requisito indispensable para garantizar la soberan\u00eda de nuestra patria\u201d, sentenci\u00f3 el Presidente.<\/p>\n\n\n\n<p><\/p>\n","protected":false},"excerpt":{"rendered":"<p>Al lado de la generala del Comando Sur del Ej\u00e9rcito de los Estados Unidos Javier Milei anunci\u00f3 hoy la adopci\u00f3n de una &#8220;nueva doctrina de&hellip; <\/p>\n","protected":false},"author":2,"featured_media":10358,"comment_status":"open","ping_status":"open","sticky":false,"template":"","format":"standard","meta":{"footnotes":""},"categories":[9,5],"tags":[],"class_list":["post-10357","post","type-post","status-publish","format-standard","has-post-thumbnail","hentry","category-destacadas","category-politica"],"_links":{"self":[{"href":"https:\/\/lametro989.com\/index.php?rest_route=\/wp\/v2\/posts\/10357","targetHints":{"allow":["GET"]}}],"collection":[{"href":"https:\/\/lametro989.com\/index.php?rest_route=\/wp\/v2\/posts"}],"about":[{"href":"https:\/\/lametro989.com\/index.php?rest_route=\/wp\/v2\/types\/post"}],"author":[{"embeddable":true,"href":"https:\/\/lametro989.com\/index.php?rest_route=\/wp\/v2\/users\/2"}],"replies":[{"embeddable":true,"href":"https:\/\/lametro989.com\/index.php?rest_route=%2Fwp%2Fv2%2Fcomments&post=10357"}],"version-history":[{"count":1,"href":"https:\/\/lametro989.com\/index.php?rest_route=\/wp\/v2\/posts\/10357\/revisions"}],"predecessor-version":[{"id":10360,"href":"https:\/\/lametro989.com\/index.php?rest_route=\/wp\/v2\/posts\/10357\/revisions\/10360"}],"wp:featuredmedia":[{"embeddable":true,"href":"https:\/\/lametro989.com\/index.php?rest_route=\/wp\/v2\/media\/10358"}],"wp:attachment":[{"href":"https:\/\/lametro989.com\/index.php?rest_route=%2Fwp%2Fv2%2Fmedia&parent=10357"}],"wp:term":[{"taxonomy":"category","embeddable":true,"href":"https:\/\/lametro989.com\/index.php?rest_route=%2Fwp%2Fv2%2Fcategories&post=10357"},{"taxonomy":"post_tag","embeddable":true,"href":"https:\/\/lametro989.com\/index.php?rest_route=%2Fwp%2Fv2%2Ftags&post=10357"}],"curies":[{"name":"wp","href":"https:\/\/api.w.org\/{rel}","templated":true}]}}