{"id":10361,"date":"2024-04-06T11:03:03","date_gmt":"2024-04-06T14:03:03","guid":{"rendered":"https:\/\/lametro989.com\/?p=10361"},"modified":"2024-04-06T11:03:03","modified_gmt":"2024-04-06T14:03:03","slug":"insolito-para-el-ministro-luis-caputo-estan-bajando-los-precios","status":"publish","type":"post","link":"https:\/\/lametro989.com\/?p=10361","title":{"rendered":"Ins\u00f3lito: para el ministro Luis Caputo &#8220;est\u00e1n bajando los precios&#8221;"},"content":{"rendered":"\n<p>El titular del Palacio de Hacienda asegur\u00f3 \u2014sin sonrojarse\u2014 que en los supermercados los precios de productos de primera necesidad est\u00e1n bajando. \u201cHay deflaci\u00f3n\u201d, dijo.<\/p>\n\n\n\n<figure class=\"wp-block-image size-full\"><img loading=\"lazy\" decoding=\"async\" width=\"610\" height=\"413\" src=\"https:\/\/lametro989.com\/wp-content\/uploads\/2024\/04\/image-73.png\" alt=\"\" class=\"wp-image-10362\" srcset=\"https:\/\/lametro989.com\/wp-content\/uploads\/2024\/04\/image-73.png 610w, https:\/\/lametro989.com\/wp-content\/uploads\/2024\/04\/image-73-300x203.png 300w\" sizes=\"auto, (max-width: 610px) 100vw, 610px\" \/><\/figure>\n\n\n\n<p>Tras un proceso&nbsp;<strong>cuasi hiperinflacionario desatado en diciembre, tras la liberaci\u00f3n de precios dispuesta por Javier Milei<\/strong>, Luis Caputo asegur\u00f3 este viernes que \u201cestamos mejor de lo que todos pronosticaban\u201d.<\/p>\n\n\n\n<p><strong>&#8220;Est\u00e1n bajando los precios\u201d<\/strong>, sostuvo ins\u00f3litamente el ministro de Econom\u00eda, luego de tres meses sucesivos de inflaci\u00f3n alt\u00edsima, con\u00a0<strong>25,5% en diciembre, 20,6% en enero y 13,2% en febrero<\/strong>.<\/p>\n\n\n\n<p>Como mucho, los precios de los productos de primera necesidad&nbsp;<strong>se estancaron luego de fort\u00edsimas subas, que rondan acumulados del 100%<\/strong>; pero bajar\u2026 nadie ha visto que bajen. No obstante, esta realidad de los consumidores no es la misma que para Caputo.<\/p>\n\n\n\n<p>\u201cLa inflaci\u00f3n est\u00e1 colapsando\u201d, afirm\u00f3 en declaraciones televisivas, a\u00f1adiendo que \u201cen el caso de los alimentos y bebidas,&nbsp;<strong>si se miran los datos de supermercados de la primera semana de abril est\u00e1 dando negativo. Hay deflaci\u00f3n<\/strong>\u201d.<\/p>\n\n\n\n<p>Para el funcionario, \u201c<strong>los comerciantes mismos reconoc\u00edan que fijaron sus precios con un d\u00f3lar de $2.000<\/strong>. En ese momento era lo que les pronosticaban las consultoras econ\u00f3micas que la mayor\u00eda de los empresarios tienen&#8221;.<\/p>\n\n\n\n<p>&#8220;Era natural que ellos reaccionaran de acuerdo a eso. Pusieron muy por arriba los precios; por eso en d\u00f3lares quedaron desfasados\u201d, detall\u00f3 el ministro Caputo, para quien<strong>&nbsp;la carne, por ejemplo, ahora \u201cvolvi\u00f3 a los niveles de diciembre\u201d del a\u00f1o pasado<\/strong>.<\/p>\n\n\n\n<p>\u201cTenemos que entender que para que el pa\u00eds cambie, todos tenemos que cambiar ciertas conductas. En el caso de los empresarios era algo bien concreto, porque explic\u00e1ndoles el programa econ\u00f3mico y ellos reconociendo que&nbsp;<strong>hab\u00edan calculado sus precios con el d\u00f3lar a $2.000, ten\u00edan la opci\u00f3n de esperar al d\u00f3lar o de retrotraer los precios y muchos est\u00e1n optando por eso<\/strong>\u201d, sostuvo el funcionario.<\/p>\n\n\n\n<p>Adem\u00e1s y en lo que respecta al \u00edndice de precios al consumidor (IPC) que mensualmente publica el Indec, asegur\u00f3 que&nbsp;<strong>&#8220;la inflaci\u00f3n de marzo va a estar en torno al 10%&#8221;<\/strong>, debido a que en algunos rubros se evidenciar\u00eda un retroceso en los precios.<\/p>\n\n\n\n<p>Y, finalmente, el titular del Palacio de Hacienda fustig\u00f3 a los empresarios de la salud, a quienes \u201cse les recontra fue la mano\u201d con las subas en las cuotas. \u201c<strong>A muchos se les recontra fue la mano; es lo que pas\u00f3 con las prepagas. A m\u00ed me molest\u00f3<\/strong>\u201d, asever\u00f3 Caputo.<\/p>\n","protected":false},"excerpt":{"rendered":"<p>El titular del Palacio de Hacienda asegur\u00f3 \u2014sin sonrojarse\u2014 que en los supermercados los precios de productos de primera necesidad est\u00e1n bajando. \u201cHay deflaci\u00f3n\u201d, dijo.&hellip; <\/p>\n","protected":false},"author":2,"featured_media":10362,"comment_status":"open","ping_status":"open","sticky":false,"template":"","format":"standard","meta":{"footnotes":""},"categories":[9,5],"tags":[],"class_list":["post-10361","post","type-post","status-publish","format-standard","has-post-thumbnail","hentry","category-destacadas","category-politica"],"_links":{"self":[{"href":"https:\/\/lametro989.com\/index.php?rest_route=\/wp\/v2\/posts\/10361","targetHints":{"allow":["GET"]}}],"collection":[{"href":"https:\/\/lametro989.com\/index.php?rest_route=\/wp\/v2\/posts"}],"about":[{"href":"https:\/\/lametro989.com\/index.php?rest_route=\/wp\/v2\/types\/post"}],"author":[{"embeddable":true,"href":"https:\/\/lametro989.com\/index.php?rest_route=\/wp\/v2\/users\/2"}],"replies":[{"embeddable":true,"href":"https:\/\/lametro989.com\/index.php?rest_route=%2Fwp%2Fv2%2Fcomments&post=10361"}],"version-history":[{"count":1,"href":"https:\/\/lametro989.com\/index.php?rest_route=\/wp\/v2\/posts\/10361\/revisions"}],"predecessor-version":[{"id":10363,"href":"https:\/\/lametro989.com\/index.php?rest_route=\/wp\/v2\/posts\/10361\/revisions\/10363"}],"wp:featuredmedia":[{"embeddable":true,"href":"https:\/\/lametro989.com\/index.php?rest_route=\/wp\/v2\/media\/10362"}],"wp:attachment":[{"href":"https:\/\/lametro989.com\/index.php?rest_route=%2Fwp%2Fv2%2Fmedia&parent=10361"}],"wp:term":[{"taxonomy":"category","embeddable":true,"href":"https:\/\/lametro989.com\/index.php?rest_route=%2Fwp%2Fv2%2Fcategories&post=10361"},{"taxonomy":"post_tag","embeddable":true,"href":"https:\/\/lametro989.com\/index.php?rest_route=%2Fwp%2Fv2%2Ftags&post=10361"}],"curies":[{"name":"wp","href":"https:\/\/api.w.org\/{rel}","templated":true}]}}