{"id":10364,"date":"2024-04-06T11:44:30","date_gmt":"2024-04-06T14:44:30","guid":{"rendered":"https:\/\/lametro989.com\/?p=10364"},"modified":"2024-04-06T11:44:30","modified_gmt":"2024-04-06T14:44:30","slug":"mexico-rompio-relaciones-diplomaticas-con-ecuador","status":"publish","type":"post","link":"https:\/\/lametro989.com\/?p=10364","title":{"rendered":"M\u00e9xico rompi\u00f3 relaciones diplom\u00e1ticas con Ecuador"},"content":{"rendered":"\n<p>La dr\u00e1stica decisi\u00f3n se produjo luego de que efectivos de las fuerzas de seguridad ecuatorianas ingresaran violentamente en la Embajada de M\u00e9xico en Quito para detener al exvicepresidente Jorge Glas.<\/p>\n\n\n\n<figure class=\"wp-block-image size-large\"><img loading=\"lazy\" decoding=\"async\" width=\"1024\" height=\"617\" src=\"https:\/\/lametro989.com\/wp-content\/uploads\/2024\/04\/image-74-1024x617.png\" alt=\"\" class=\"wp-image-10367\" srcset=\"https:\/\/lametro989.com\/wp-content\/uploads\/2024\/04\/image-74-1024x617.png 1024w, https:\/\/lametro989.com\/wp-content\/uploads\/2024\/04\/image-74-300x181.png 300w, https:\/\/lametro989.com\/wp-content\/uploads\/2024\/04\/image-74-768x463.png 768w, https:\/\/lametro989.com\/wp-content\/uploads\/2024\/04\/image-74.png 1140w\" sizes=\"auto, (max-width: 1024px) 100vw, 1024px\" \/><\/figure>\n\n\n\n<p>El Gobierno de\u00a0<strong>M\u00e9xico\u00a0<\/strong>anunci\u00f3 este viernes la<strong>\u00a0ruptura de relaciones diplom\u00e1ticas\u00a0<\/strong>con\u00a0<strong>Ecuador\u00a0<\/strong>a ra\u00edz de la violenta entrada de fuerzas policiales ecuatorianas en la Embajada mexicana en Quito para arrestar al exvicepresidente<strong>\u00a0Jorge Glas,<\/strong>\u00a0a quien el presidente mexicano<strong>, Andr\u00e9s Manuel L\u00f3pez Obrador,<\/strong>\u00a0otorg\u00f3\u00a0<strong>asilo diplom\u00e1tico<\/strong>. <\/p>\n\n\n\n<p><strong>Glas, posiblemente el hombre m\u00e1s buscado de Ecuador, enfrenta investigaciones por corrupci\u00f3n, soborno y m\u00e1s.<\/strong><\/p>\n\n\n\n<p><strong>Video gentileza ADN 40 &#8211; M\u00e9xico<\/strong><\/p>\n\n\n\n<figure class=\"wp-block-embed is-type-rich is-provider-gestor-del-servicio wp-block-embed-gestor-del-servicio wp-embed-aspect-16-9 wp-has-aspect-ratio\"><div class=\"wp-block-embed__wrapper\">\n<iframe loading=\"lazy\" title=\"Asi fue como la Polic\u00eda Nacional de Ecuador irrumpi\u00f3 en la Embajada de M\u00e9xico en Quito\" width=\"790\" height=\"444\" src=\"https:\/\/www.youtube.com\/embed\/PJn37eaGKgw?feature=oembed\" frameborder=\"0\" allow=\"accelerometer; autoplay; clipboard-write; encrypted-media; gyroscope; picture-in-picture; web-share\" referrerpolicy=\"strict-origin-when-cross-origin\" allowfullscreen><\/iframe>\n<\/div><\/figure>\n\n\n\n<h2 class=\"wp-block-heading\">Ruptura de relaciones<\/h2>\n\n\n\n<p>&#8220;Ante la brutal irrupci\u00f3n perpetrada por la polic\u00eda de Ecuador a la embajada mexicana la noche del viernes 5 de abril, y de acuerdo a la instrucci\u00f3n del presidente Andr\u00e9s Manuel L\u00f3pez Obrador, M\u00e9xico anuncia el rompimiento de relaciones diplom\u00e1ticas con ese pa\u00eds&#8221;, anunci\u00f3 la&nbsp;<strong>Canciller\u00eda mexicana&nbsp;<\/strong>en un comunicado.<\/p>\n\n\n\n<p>&#8220;M\u00e9xico condena en\u00e9rgicamente los actos de violencia ejercidos contra el jefe de Canciller\u00eda de la misi\u00f3n, Roberto Canseco Mart\u00ednez, as\u00ed como la arbitraria aprehensi\u00f3n del exvicepresidente Jorge Glas Espinel, quien se encontraba en la embajada y en tr\u00e1mite de asilo pol\u00edtico por la persecuci\u00f3n que vive&#8221;, se se\u00f1ala, agregando que M\u00e9xico recurrir\u00e1 a la Corte Internacional de Justicia para &#8220;denunciar las violaciones al Derecho Internacional por parte de Ecuador&#8221;.<\/p>\n\n\n\n<h2 class=\"wp-block-heading\">&#8220;El derecho de asilo es sagrado&#8221;<\/h2>\n\n\n\n<p>La canciller mexicana, Alicia B\u00e1rcena, tambi\u00e9n confirm\u00f3 la decisi\u00f3n. &#8220;En consultas con el pdte. L\u00f3pez Obrador, ante la flagrante violaci\u00f3n de la Convenci\u00f3n de Viena sobre Relaciones Diplom\u00e1ticas y las lesiones sufridas por el personal diplom\u00e1tico mexicano en Ecuador, M\u00e9xico anuncia el inmediato rompimiento de relaciones diplom\u00e1ticas con Ecuador&#8221;, sostuvo en su cuenta de X.<\/p>\n\n\n\n<p>&#8220;Para M\u00e9xico el derecho de asilo es sagrado y estamos actuando en congruencia plena con las convenciones internacionales, otorgando asilo a Jorge Glas. Confio en que el gobierno de Ecuador disponga del salvoconducto cuanto antes&#8221;, agreg\u00f3.<\/p>\n\n\n\n<p>&#8220;Me acaba de informar Alicia B\u00e1rcena, nuestra secretaria de Relaciones Exteriores, que polic\u00edas de Ecuador entraron por la fuerza a nuestra embajada y se llevaron detenido al exvicepresidente de ese pa\u00eds [Jorge Glas], quien se encontraba refugiado y tramitando asilo por la persecuci\u00f3n y el acoso que enfrenta&#8221;, poste\u00f3, por su parte, Andr\u00e9s Manuel L\u00f3pez Obrador, en sus redes sociales.<\/p>\n\n\n\n<p>&#8220;<strong>Se trata de una violaci\u00f3n flagrante al derecho internacional y a la soberan\u00eda de M\u00e9xico<\/strong>, por lo cual le he instruido a nuestra canciller que emita un comunicado sobre este hecho autoritario, proceda de manera legal y de inmediato declare la\u00a0<strong>suspensi\u00f3n de relaciones diplom\u00e1ticas con el Gobierno de Ecuador<\/strong>&#8220;, a\u00f1adi\u00f3.<\/p>\n\n\n\n<h2 class=\"wp-block-heading\">El asalto a la Embajada de M\u00e9xico<\/h2>\n\n\n\n<p>Seg\u00fan los reportes, durante el d\u00eda militares vigilaron el edificio de la Embajada y, durante la noche, polic\u00edas ecuatorianos rompieron las puertas externas de la sede diplom\u00e1tica mexicana con veh\u00edculos blindados y accedieron a los patios. B\u00e1rcena inform\u00f3 que<strong>&nbsp;personal diplom\u00e1tico result\u00f3 lesionado tras la acci\u00f3n policial.<\/strong><\/p>\n\n\n\n<figure class=\"wp-block-embed is-type-rich is-provider-gestor-del-servicio wp-block-embed-gestor-del-servicio wp-embed-aspect-16-9 wp-has-aspect-ratio\"><div class=\"wp-block-embed__wrapper\">\n<iframe loading=\"lazy\" title=\"Polic\u00eda de Ecuador irrumpe en la embajada de M\u00e9xico\" width=\"790\" height=\"444\" src=\"https:\/\/www.youtube.com\/embed\/cEBcV6FQYK4?feature=oembed\" frameborder=\"0\" allow=\"accelerometer; autoplay; clipboard-write; encrypted-media; gyroscope; picture-in-picture; web-share\" referrerpolicy=\"strict-origin-when-cross-origin\" allowfullscreen><\/iframe>\n<\/div><\/figure>\n\n\n\n<p>Por su parte, el encargado de la Embajada mexicana, Roberto Canseco, declar\u00f3 a medios ecuatorianos que fue golpeado por los agentes policiales durante la operaci\u00f3n. &#8220;<strong>Me han golpeado. Me he golpeado contra el suelo. Y f\u00edsicamente trat\u00e9 de impedir que entraran<\/strong>. Como delincuentes allanaron la Embajada de M\u00e9xico en Ecuador. Esto no es posible. No puede ser. Es una locura&#8221;, agreg\u00f3 Canseco.<\/p>\n\n\n\n<p>Al respecto, la canciller mexicana anunci\u00f3 que su pa\u00eds recurrir\u00e1 a la<strong>&nbsp;Corte Internacional de Justicia<\/strong>&nbsp;para &#8220;denunciar la responsabilidad de Ecuador por violaciones al Derecho Internacional&#8221;.<\/p>\n\n\n\n<p>Adem\u00e1s, inform\u00f3 que el personal diplom\u00e1tico &#8220;abandonar\u00e1 ese pa\u00eds de inmediato&#8221;. &#8220;M\u00e9xico espera que Ecuador ofrezca las garant\u00edas necesarias para el abandono del personal mexicano&#8221;, expres\u00f3.<\/p>\n\n\n\n<h2 class=\"wp-block-heading\">El Gobierno de Ecuador justific\u00f3 la irrupci\u00f3n en la Embajada de M\u00e9xico<\/h2>\n\n\n\n<p>Unos minutos despu\u00e9s de la irrupci\u00f3n, oficialmente, el Gobierno ecuatoriano dio a conocer que se detuvo al exvicepresidente Jorge Glas.<\/p>\n\n\n\n<p>&#8220;El Gobierno Nacional informa a la ciudadan\u00eda que Jorge Glas Espinel, condenado a pena privativa de libertad por la justicia ecuatoriana, ha sido detenido esta noche y puesto a \u00f3rdenes de las autoridades competentes&#8221;, comunic\u00f3 la Presidencia ecuatoriana, agregando que el exvicepresidente &#8220;ha sido condenado con sentencia ejecutoriada y contaba con disposici\u00f3n de captura&#8221;.<\/p>\n\n\n\n<p><strong>Glas, quien llevaba meses en la Embajada de M\u00e9xico en Quito,<\/strong>&nbsp;ten\u00eda una orden de&nbsp;<strong>prisi\u00f3n preventiva<\/strong>&nbsp;por el presunto delito de peculado. Previamente, hace unos a\u00f1os, hab\u00eda sido condenado a seis a\u00f1os de prisi\u00f3n por asociaci\u00f3n il\u00edcita en el&nbsp;<strong>caso Odebrecht.<\/strong><\/p>\n","protected":false},"excerpt":{"rendered":"<p>La dr\u00e1stica decisi\u00f3n se produjo luego de que efectivos de las fuerzas de seguridad ecuatorianas ingresaran violentamente en la Embajada de M\u00e9xico en Quito para&hellip; <\/p>\n","protected":false},"author":2,"featured_media":10367,"comment_status":"open","ping_status":"open","sticky":false,"template":"","format":"standard","meta":{"footnotes":""},"categories":[9,13],"tags":[],"class_list":["post-10364","post","type-post","status-publish","format-standard","has-post-thumbnail","hentry","category-destacadas","category-nacionales"],"_links":{"self":[{"href":"https:\/\/lametro989.com\/index.php?rest_route=\/wp\/v2\/posts\/10364","targetHints":{"allow":["GET"]}}],"collection":[{"href":"https:\/\/lametro989.com\/index.php?rest_route=\/wp\/v2\/posts"}],"about":[{"href":"https:\/\/lametro989.com\/index.php?rest_route=\/wp\/v2\/types\/post"}],"author":[{"embeddable":true,"href":"https:\/\/lametro989.com\/index.php?rest_route=\/wp\/v2\/users\/2"}],"replies":[{"embeddable":true,"href":"https:\/\/lametro989.com\/index.php?rest_route=%2Fwp%2Fv2%2Fcomments&post=10364"}],"version-history":[{"count":1,"href":"https:\/\/lametro989.com\/index.php?rest_route=\/wp\/v2\/posts\/10364\/revisions"}],"predecessor-version":[{"id":10368,"href":"https:\/\/lametro989.com\/index.php?rest_route=\/wp\/v2\/posts\/10364\/revisions\/10368"}],"wp:featuredmedia":[{"embeddable":true,"href":"https:\/\/lametro989.com\/index.php?rest_route=\/wp\/v2\/media\/10367"}],"wp:attachment":[{"href":"https:\/\/lametro989.com\/index.php?rest_route=%2Fwp%2Fv2%2Fmedia&parent=10364"}],"wp:term":[{"taxonomy":"category","embeddable":true,"href":"https:\/\/lametro989.com\/index.php?rest_route=%2Fwp%2Fv2%2Fcategories&post=10364"},{"taxonomy":"post_tag","embeddable":true,"href":"https:\/\/lametro989.com\/index.php?rest_route=%2Fwp%2Fv2%2Ftags&post=10364"}],"curies":[{"name":"wp","href":"https:\/\/api.w.org\/{rel}","templated":true}]}}