{"id":10369,"date":"2024-04-06T11:47:38","date_gmt":"2024-04-06T14:47:38","guid":{"rendered":"https:\/\/lametro989.com\/?p=10369"},"modified":"2024-04-06T11:47:44","modified_gmt":"2024-04-06T14:47:44","slug":"angustioso-deterioro-del-poder-adquisitivo-de-los-jubilados","status":"publish","type":"post","link":"https:\/\/lametro989.com\/?p=10369","title":{"rendered":"Angustioso deterioro del poder adquisitivo de los jubilados"},"content":{"rendered":"\n<p>Un informe especializado revel\u00f3 que en los \u00faltimos seis a\u00f1os el<strong>\u00a0poder de compra<\/strong>\u00a0<strong>de las jubilaciones se deterior\u00f3 en un 52%<\/strong>\u00a0y que\u00a0<strong>solo el 48% de la poblaci\u00f3n econ\u00f3micamente activa aporta al sistema previsional.<\/strong>\u00a0A su vez, la<strong>\u00a0tasa de trabajadores activos por cada pasivo es de 1,6 a 1,<\/strong>\u00a0mientras que se necesitan entre tres y cuatro aportantes por cada jubilado para que el sistema se sostenga.<\/p>\n\n\n\n<figure class=\"wp-block-image size-large\"><img loading=\"lazy\" decoding=\"async\" width=\"1024\" height=\"639\" src=\"https:\/\/lametro989.com\/wp-content\/uploads\/2024\/04\/image-75-1024x639.png\" alt=\"\" class=\"wp-image-10370\" srcset=\"https:\/\/lametro989.com\/wp-content\/uploads\/2024\/04\/image-75-1024x639.png 1024w, https:\/\/lametro989.com\/wp-content\/uploads\/2024\/04\/image-75-300x187.png 300w, https:\/\/lametro989.com\/wp-content\/uploads\/2024\/04\/image-75-768x479.png 768w, https:\/\/lametro989.com\/wp-content\/uploads\/2024\/04\/image-75.png 1140w\" sizes=\"auto, (max-width: 1024px) 100vw, 1024px\" \/><\/figure>\n\n\n\n<p>\u00c9stas son algunas de las conclusiones a las que arrib\u00f3 el informe<a href=\"https:\/\/www.eforo.org.ar\/_files\/ugd\/b20ed2_3700ceff1d10424e88fc04c4f859d62a.pdf\" target=\"_blank\" rel=\"noreferrer noopener\">&nbsp;&#8220;<\/a><strong><a href=\"https:\/\/www.eforo.org.ar\/_files\/ugd\/b20ed2_3700ceff1d10424e88fc04c4f859d62a.pdf\" target=\"_blank\" rel=\"noreferrer noopener\">Jubilaciones y pensiones en Argentina, an\u00e1lisis del Sistema Integrado Previsional Argentino (SIPA)&#8221;<\/a>,<\/strong>&nbsp;que realiz\u00f3 la<a href=\"https:\/\/www.eforo.org.ar\/\" target=\"_blank\" rel=\"noreferrer noopener\">&nbsp;Fundaci\u00f3n \u00c9foro.<\/a><\/p>\n\n\n\n<p>El trabajo traz\u00f3 una cruda radiograf\u00eda del sistema previsional argentino caracterizado por baja cantidad de trabajadores activos, salarios que apenas cubren los gastos b\u00e1sicos, p\u00e9rdida constante ante la inflaci\u00f3n y pocos incentivos al aporte.<\/p>\n\n\n\n<p>A partir de los \u00faltimos datos p\u00fablicos disponibles, el trabajo analiza la estructura, sostenibilidad y recursos del&nbsp;<strong>SIPA&nbsp;<\/strong>a lo largo de los \u00faltimos 20 a\u00f1os.<\/p>\n\n\n\n<p>Del informe se desprende tambi\u00e9n que los jubilados pierden calidad de vida en comparaci\u00f3n a su etapa activa y que la f\u00f3rmula de movilidad actual agrava la ca\u00edda del poder adquisitivo ante la aceleraci\u00f3n inflacionaria.<\/p>\n\n\n\n<h2 class=\"wp-block-heading\">10,8 millones de trabajadores activos sostienen 6,8 de jubilados y pensionados<\/h2>\n\n\n\n<p>Los n\u00fameros del SIPA explican ese deterioro: en la actualidad est\u00e1 conformado por 1<strong>0,9 millones de trabajadores aportantes y otorga 6,8 millones de beneficios.&nbsp;<\/strong>&#8220;Mientras que hacia fines de 2022 se incorporaron 700 mil trabajadores en relaci\u00f3n de dependencia, los independientes aumentaron en 1,3 mill\u00f3n&#8221;, precis\u00f3.<\/p>\n\n\n\n<p>F<strong>ederico Recagno<\/strong>, presidente de Fundaci\u00f3n \u00c9foro, sostuvo que el informe advierte que &#8220;las personas que logran aportar 30 a\u00f1os al SIPA son cada vez menos representativas en el mundo del trabajo. Esta situaci\u00f3n debilita los mecanismos de financiaci\u00f3n, el grado de cobertura, el valor real de los beneficios otorgados y la propia sustentabilidad del Sistema Previsional&#8221;.<\/p>\n\n\n\n<p>En este sentido, una cifra es reveladora de la insostenibilidad y el desfinanciamiento del sistema:&nbsp;<strong>hay seis millones de trabajadores informales que no aportan al SIPA.<\/strong><\/p>\n\n\n\n<p>Por otra parte, de acuerdo con los datos de ANSES alrededor del<strong>&nbsp;50% de los beneficiarios perciben una jubilaci\u00f3n m\u00ednima.<\/strong>&nbsp;En promedio entre mujeres y hombres,<strong>&nbsp;la Canasta B\u00e1sica Total representa el 75% de ese haber m\u00ednimo&nbsp;<\/strong>y deja escaso margen para atender otras necesidades primordiales.<\/p>\n\n\n\n<p>A modo de conclusi\u00f3n, el trabajo destaca<strong>\u00a0cuatro situaciones que explican la inestabilidad estructural del SIPA.<\/strong>\u00a0En primer lugar el\u00a0<strong>d\u00e9ficit de financiamiento,<\/strong>\u00a0seguido por una<strong>\u00a0creciente demanda de protecci\u00f3n social\u00a0<\/strong>por parte de poblaciones vulnerables. En tercer lugar, las\u00a0<strong>bajas jubilaciones en comparaci\u00f3n con los ingresos percibidos durante la etapa laboral.<\/strong>\u00a0Finalmente, el<strong>\u00a0doble desincentivo,<\/strong>\u00a0por un lado, de los trabajadores a aportar al sistema por el escaso valor de las jubilaciones y de los empleadores a no formalizar al trabajador contratado, por el otro.<\/p>\n\n\n\n<p>&#8220;Muchas veces, desde los funcionarios, se habla de los jubilados como si los jubilados no existieran. Como si fueran un adorno molesto al que hay que encontrarle un lugar. Nuestro informe habla de n\u00fameros, pero tambi\u00e9n de personas. Son datos para encarar, de una buena vez, una mejora permanente y ascendente de nuestros jubilados&#8221;, indic\u00f3 Recagno.<\/p>\n\n\n\n<p>La Fundaci\u00f3n \u00c9foro se dedica a promover y divulgar investigaciones y estudios sobre la problem\u00e1tica estatal, a nivel nacional e internacional, en \u00e1reas pol\u00edticas, econ\u00f3micas y sociales. &#8220;Incentivamos la participaci\u00f3n y el control ciudadano realizando actividades educativas para la promoci\u00f3n del compromiso social, c\u00edvico y pol\u00edtico&#8221;, se\u00f1alaron desde la entidad.<\/p>\n","protected":false},"excerpt":{"rendered":"<p>Un informe especializado revel\u00f3 que en los \u00faltimos seis a\u00f1os el\u00a0poder de compra\u00a0de las jubilaciones se deterior\u00f3 en un 52%\u00a0y que\u00a0solo el 48% de la&hellip; <\/p>\n","protected":false},"author":2,"featured_media":10370,"comment_status":"open","ping_status":"open","sticky":false,"template":"","format":"standard","meta":{"footnotes":""},"categories":[9,13],"tags":[],"class_list":["post-10369","post","type-post","status-publish","format-standard","has-post-thumbnail","hentry","category-destacadas","category-nacionales"],"_links":{"self":[{"href":"https:\/\/lametro989.com\/index.php?rest_route=\/wp\/v2\/posts\/10369","targetHints":{"allow":["GET"]}}],"collection":[{"href":"https:\/\/lametro989.com\/index.php?rest_route=\/wp\/v2\/posts"}],"about":[{"href":"https:\/\/lametro989.com\/index.php?rest_route=\/wp\/v2\/types\/post"}],"author":[{"embeddable":true,"href":"https:\/\/lametro989.com\/index.php?rest_route=\/wp\/v2\/users\/2"}],"replies":[{"embeddable":true,"href":"https:\/\/lametro989.com\/index.php?rest_route=%2Fwp%2Fv2%2Fcomments&post=10369"}],"version-history":[{"count":3,"href":"https:\/\/lametro989.com\/index.php?rest_route=\/wp\/v2\/posts\/10369\/revisions"}],"predecessor-version":[{"id":10373,"href":"https:\/\/lametro989.com\/index.php?rest_route=\/wp\/v2\/posts\/10369\/revisions\/10373"}],"wp:featuredmedia":[{"embeddable":true,"href":"https:\/\/lametro989.com\/index.php?rest_route=\/wp\/v2\/media\/10370"}],"wp:attachment":[{"href":"https:\/\/lametro989.com\/index.php?rest_route=%2Fwp%2Fv2%2Fmedia&parent=10369"}],"wp:term":[{"taxonomy":"category","embeddable":true,"href":"https:\/\/lametro989.com\/index.php?rest_route=%2Fwp%2Fv2%2Fcategories&post=10369"},{"taxonomy":"post_tag","embeddable":true,"href":"https:\/\/lametro989.com\/index.php?rest_route=%2Fwp%2Fv2%2Ftags&post=10369"}],"curies":[{"name":"wp","href":"https:\/\/api.w.org\/{rel}","templated":true}]}}