{"id":10377,"date":"2024-04-06T11:57:35","date_gmt":"2024-04-06T14:57:35","guid":{"rendered":"https:\/\/lametro989.com\/?p=10377"},"modified":"2024-04-06T11:57:35","modified_gmt":"2024-04-06T14:57:35","slug":"empleados-de-comercio-alcanzaron-un-nuevo-acuerdo-salarial-a-cuanto-se-va-el-basico","status":"publish","type":"post","link":"https:\/\/lametro989.com\/?p=10377","title":{"rendered":"Empleados de Comercio alcanzaron un nuevo acuerdo salarial: a cu\u00e1nto se va el b\u00e1sico"},"content":{"rendered":"\n<p>La resoluci\u00f3n salarial fue firmada para los meses de marzo, abril y mayo. Desde el sector se\u00f1alaron que el acuerdo \u201ccontempla ajustes mensuales en funci\u00f3n de los incrementos de los precios\u201d.<\/p>\n\n\n\n<figure class=\"wp-block-image size-full\"><img loading=\"lazy\" decoding=\"async\" width=\"610\" height=\"343\" src=\"https:\/\/lametro989.com\/wp-content\/uploads\/2024\/04\/image-77.png\" alt=\"\" class=\"wp-image-10378\" srcset=\"https:\/\/lametro989.com\/wp-content\/uploads\/2024\/04\/image-77.png 610w, https:\/\/lametro989.com\/wp-content\/uploads\/2024\/04\/image-77-300x169.png 300w\" sizes=\"auto, (max-width: 610px) 100vw, 610px\" \/><\/figure>\n\n\n\n<p>Representantes del sector Comercio firmaron un acuerdo paritario por los meses de marzo, abril y mayo. Dicho acuerdo se dio este viernes y tiene, como punto destacado,<strong>&nbsp;un sueldo b\u00e1sico de m\u00e1s de $ 756 mil, con presentismo.<\/strong><\/p>\n\n\n\n<p>El pacto fue firmado por la Federaci\u00f3n Argentina de Empleados de Comercio y Servicios (Faecys) junto a la C\u00e1mara Argentina de Comercio (CAC), la Confederaci\u00f3n de la Mediana Empresa (Came) y la Uni\u00f3n de Entidades Comerciales (Udeca).<\/p>\n\n\n\n<p>El incremento incluye<strong>&nbsp;una suma fija de 40 mil pesos correspondiente al mes de marzo, un 8% por abril y un 7% a mayo<\/strong>, ambos porcentajes sujetos a revisi\u00f3n en funci\u00f3n del incremento de los precios y del \u00edndice de inflaci\u00f3n mensual.<\/p>\n\n\n\n<h2 class=\"wp-block-heading\">Qu\u00e9 dijo Armando Cavalieri sobre el nuevo acuerdo salarial para los empleados de Comercio<\/h2>\n\n\n\n<p>\u201cEn este momento tan dif\u00edcil por el que estamos transitando, hemos podido lograr un acuerdo salarial que vuelve a abarcar un plazo m\u00ednimo de tres meses y que contempla ajustes mensuales en funci\u00f3n de los incrementos de los precios\u201d, destac\u00f3&nbsp;<strong>Armando Cavalieri<\/strong>, secretario general de FAECYS.<\/p>\n\n\n\n<p>Y agreg\u00f3: \u201cSi bien se aprecia una tendencia a la baja en los indicadores de los precios, tambi\u00e9n vemos con preocupaci\u00f3n una desaceleraci\u00f3n en la actividad econ\u00f3mica, que debemos seguir con atenci\u00f3n para los pr\u00f3ximos meses\u201d.<\/p>\n\n\n\n<p>El acuerdo salarial firmado este viernes corresponde a la paritaria de Comercio que va de abril 2023 a marzo 2024.<\/p>\n","protected":false},"excerpt":{"rendered":"<p>La resoluci\u00f3n salarial fue firmada para los meses de marzo, abril y mayo. Desde el sector se\u00f1alaron que el acuerdo \u201ccontempla ajustes mensuales en funci\u00f3n&hellip; <\/p>\n","protected":false},"author":2,"featured_media":10378,"comment_status":"open","ping_status":"open","sticky":false,"template":"","format":"standard","meta":{"footnotes":""},"categories":[13],"tags":[],"class_list":["post-10377","post","type-post","status-publish","format-standard","has-post-thumbnail","hentry","category-nacionales"],"_links":{"self":[{"href":"https:\/\/lametro989.com\/index.php?rest_route=\/wp\/v2\/posts\/10377","targetHints":{"allow":["GET"]}}],"collection":[{"href":"https:\/\/lametro989.com\/index.php?rest_route=\/wp\/v2\/posts"}],"about":[{"href":"https:\/\/lametro989.com\/index.php?rest_route=\/wp\/v2\/types\/post"}],"author":[{"embeddable":true,"href":"https:\/\/lametro989.com\/index.php?rest_route=\/wp\/v2\/users\/2"}],"replies":[{"embeddable":true,"href":"https:\/\/lametro989.com\/index.php?rest_route=%2Fwp%2Fv2%2Fcomments&post=10377"}],"version-history":[{"count":1,"href":"https:\/\/lametro989.com\/index.php?rest_route=\/wp\/v2\/posts\/10377\/revisions"}],"predecessor-version":[{"id":10379,"href":"https:\/\/lametro989.com\/index.php?rest_route=\/wp\/v2\/posts\/10377\/revisions\/10379"}],"wp:featuredmedia":[{"embeddable":true,"href":"https:\/\/lametro989.com\/index.php?rest_route=\/wp\/v2\/media\/10378"}],"wp:attachment":[{"href":"https:\/\/lametro989.com\/index.php?rest_route=%2Fwp%2Fv2%2Fmedia&parent=10377"}],"wp:term":[{"taxonomy":"category","embeddable":true,"href":"https:\/\/lametro989.com\/index.php?rest_route=%2Fwp%2Fv2%2Fcategories&post=10377"},{"taxonomy":"post_tag","embeddable":true,"href":"https:\/\/lametro989.com\/index.php?rest_route=%2Fwp%2Fv2%2Ftags&post=10377"}],"curies":[{"name":"wp","href":"https:\/\/api.w.org\/{rel}","templated":true}]}}