{"id":1038,"date":"2023-07-11T22:42:14","date_gmt":"2023-07-12T01:42:14","guid":{"rendered":"https:\/\/lametro989.com\/?p=1038"},"modified":"2023-07-11T22:42:14","modified_gmt":"2023-07-12T01:42:14","slug":"estudiante-de-medicina-de-nueva-york-participa-de-proyectos-de-investigacion-de-la-fundacion-barcelo","status":"publish","type":"post","link":"https:\/\/lametro989.com\/?p=1038","title":{"rendered":"Estudiante de medicina de Nueva York participa de proyectos de investigaci\u00f3n de la Fundaci\u00f3n Barcel\u00f3"},"content":{"rendered":"\n<p>El intercambio universitario se enmarca en el programa de cooperaci\u00f3n e investigaci\u00f3n internacional que la Fundaci\u00f3n Barcel\u00f3 mantiene con instituciones universitarias, centros de investigaci\u00f3n, y redes acad\u00e9micas y cient\u00edficas internacionales.<\/p>\n\n\n\n<figure class=\"wp-block-image size-full\"><img loading=\"lazy\" decoding=\"async\" width=\"850\" height=\"636\" src=\"https:\/\/lametro989.com\/wp-content\/uploads\/2023\/07\/imagen-119.png\" alt=\"\" class=\"wp-image-1039\" srcset=\"https:\/\/lametro989.com\/wp-content\/uploads\/2023\/07\/imagen-119.png 850w, https:\/\/lametro989.com\/wp-content\/uploads\/2023\/07\/imagen-119-300x224.png 300w, https:\/\/lametro989.com\/wp-content\/uploads\/2023\/07\/imagen-119-768x575.png 768w\" sizes=\"auto, (max-width: 850px) 100vw, 850px\" \/><\/figure>\n\n\n\n<p><strong>Dhana estudia medicina en la Universidad de Stony Brook,<\/strong> en Estados Unidos. Si bien naci\u00f3 en Ecuador, cuando ten\u00eda cuatro a\u00f1os sus padres eligieron un nuevo rumbo para la familia y emigraron al pa\u00eds de Am\u00e9rica del Norte.&nbsp;<\/p>\n\n\n\n<p>Su estancia en Santo Tom\u00e9 le permiti\u00f3 entrar en contacto con otro mundo y abrirse a nuevas experiencias que, afirma Dhana, ser\u00e1n muy enriquecedoras para su futuro como profesional de la salud: <strong>&#8220;Yo estoy en Nueva York, una de las ciudades m\u00e1s grandes del mundo. El contraste con Santo Tom\u00e9 en ese aspecto es claro.<\/strong> Pero creo que Santo Tom\u00e9 tiene mucho que ense\u00f1ar, sobre todo en lo social. Ver otras realidades, poder llegar a la gente que verdaderamente necesita asistencia m\u00e9dica y poder ayudar a mejorar la salud de muchas personas es muy gratificante y muy bueno para mi formaci\u00f3n&#8221;.&nbsp;<\/p>\n\n\n\n<figure class=\"wp-block-image\"><img decoding=\"async\" src=\"https:\/\/www.diariochaco.com\/content\/bucket\/3\/579773w790h662c.png.webp\" alt=\"\"\/><\/figure>\n\n\n\n<p>El proyecto de investigaci\u00f3n de la Fundaci\u00f3n Barcel\u00f3 que integra Dhana como pasante est\u00e1 orientado a la evaluaci\u00f3n de los resultados en la implementaci\u00f3n de los programas Prevenci\u00f3n VIH-Sida, Hepatitis Virales e Infecciones de Transmisi\u00f3n Sexual (VIH-SIDA-ITS) y Salud Reproductiva y Procreaci\u00f3n Responsable (PPSR y PR) en los centros de atenci\u00f3n primaria de Santo Tom\u00e9, bajo la direcci\u00f3n de la Dra. Azucena R\u00edos. &#8220;<strong>Poder investigar con profesionales que est\u00e1n dispuestos a ense\u00f1ar y a ayudarme en todo lo que necesito me permite aprender mucho&#8221;<\/strong>, detall\u00f3 Dhana. &#8220;Mis compa\u00f1eros han sido muy amables, estoy muy a gusto. Santo Tom\u00e9 me recuerda a mi pueblo en Ecuador, me siento como en casa&#8221;, concluy\u00f3.<div class=\"wrapper\"><article id=\"item\" itemscope=\"itemscope\" itemtype=\"http:\/\/schema.org\/NewsArticle\"><section class=\"body\"><section class=\"content\"><div class=\"main-text\"><p>La Fundaci\u00f3n Barcel\u00f3 promueve la internacionalizaci\u00f3n de manera  transversal, incluyendo tambi\u00e9n como un componente fundamental la  internacionalizaci\u00f3n de la investigaci\u00f3n. El Departamento de Relaciones  Internacionales trabaja conjuntamente con la Secretar\u00eda de Ciencia y  Tecnolog\u00eda para que la internacionalizaci\u00f3n sea parte del desarrollo de  los proyectos de investigaci\u00f3n dentro de la instituci\u00f3n.<\/p><p> <\/p><p>Si  bien son muchas las experiencias de intercambio que ha desarrollado la  facultad con universidades de otros pa\u00edses, es la primera experiencia en  estancias de investigaci\u00f3n con la Universidad Stony Brook. La movilidad  tambi\u00e9n es posible hacia los Estados Unidos. De hecho, este a\u00f1o est\u00e1  pronta a concretarse la participaci\u00f3n de dos estudiantes de la Fundaci\u00f3n  Barcel\u00f3 para hacer rotaciones de medicina en esa universidad.\u00a0<\/p><p>Algunas  de las metas conjuntas de la Secretar\u00eda de Ciencia y Tecnolog\u00eda y el  Departamento de Relaciones Internacional incluyen potenciar la  investigaci\u00f3n de la Fundaci\u00f3n con participantes internacionales, <strong>aumentar  el inter\u00e9s de los estudiantes en la Fundaci\u00f3n Barcel\u00f3 como destino y  apoyar a los docentes y proyectos de investigaci\u00f3n en curso.<\/strong><\/p><p>Para  saber m\u00e1s sobre el Departamento de Relaciones Internacionales, se puede  visitar el siguiente enlace en la p\u00e1gina de la Fundaci\u00f3n:<a rel=\"noopener\" href=\"https:\/\/barcelo.edu.ar\/Cooperacion-e-Investigacion-Internacional\" target=\"_blank\"> https:\/\/barcelo.edu.ar\/Cooperacion-e-Investigacion-Internacional <\/a>o contactar a <a rel=\"noopener\" href=\"mailto:global@barcelo.edu.ar\" target=\"_blank\">global@barcelo.edu.ar.\u00a0<\/a><\/p><\/div><\/section><\/section><\/article><\/div><ins id=\"div-gpt-ad-1660916837590-0\" target=\"mixed\" class=\"adspace\" data-google-query-id=\"CJCvxtOCiIADFc5R3QIdv54KaQ\"><\/ins><\/p>\n","protected":false},"excerpt":{"rendered":"<p>El intercambio universitario se enmarca en el programa de cooperaci\u00f3n e investigaci\u00f3n internacional que la Fundaci\u00f3n Barcel\u00f3 mantiene con instituciones universitarias, centros de investigaci\u00f3n, y&hellip; <\/p>\n","protected":false},"author":2,"featured_media":1039,"comment_status":"open","ping_status":"open","sticky":false,"template":"","format":"standard","meta":{"footnotes":""},"categories":[9,2],"tags":[],"class_list":["post-1038","post","type-post","status-publish","format-standard","has-post-thumbnail","hentry","category-destacadas","category-provinciales"],"_links":{"self":[{"href":"https:\/\/lametro989.com\/index.php?rest_route=\/wp\/v2\/posts\/1038","targetHints":{"allow":["GET"]}}],"collection":[{"href":"https:\/\/lametro989.com\/index.php?rest_route=\/wp\/v2\/posts"}],"about":[{"href":"https:\/\/lametro989.com\/index.php?rest_route=\/wp\/v2\/types\/post"}],"author":[{"embeddable":true,"href":"https:\/\/lametro989.com\/index.php?rest_route=\/wp\/v2\/users\/2"}],"replies":[{"embeddable":true,"href":"https:\/\/lametro989.com\/index.php?rest_route=%2Fwp%2Fv2%2Fcomments&post=1038"}],"version-history":[{"count":1,"href":"https:\/\/lametro989.com\/index.php?rest_route=\/wp\/v2\/posts\/1038\/revisions"}],"predecessor-version":[{"id":1040,"href":"https:\/\/lametro989.com\/index.php?rest_route=\/wp\/v2\/posts\/1038\/revisions\/1040"}],"wp:featuredmedia":[{"embeddable":true,"href":"https:\/\/lametro989.com\/index.php?rest_route=\/wp\/v2\/media\/1039"}],"wp:attachment":[{"href":"https:\/\/lametro989.com\/index.php?rest_route=%2Fwp%2Fv2%2Fmedia&parent=1038"}],"wp:term":[{"taxonomy":"category","embeddable":true,"href":"https:\/\/lametro989.com\/index.php?rest_route=%2Fwp%2Fv2%2Fcategories&post=1038"},{"taxonomy":"post_tag","embeddable":true,"href":"https:\/\/lametro989.com\/index.php?rest_route=%2Fwp%2Fv2%2Ftags&post=1038"}],"curies":[{"name":"wp","href":"https:\/\/api.w.org\/{rel}","templated":true}]}}