{"id":10380,"date":"2024-04-06T11:58:57","date_gmt":"2024-04-06T14:58:57","guid":{"rendered":"https:\/\/lametro989.com\/?p=10380"},"modified":"2024-04-06T11:58:57","modified_gmt":"2024-04-06T14:58:57","slug":"increible-pero-real-gracias-al-dnu-de-milei-aumentaron-las-prepagas-y-ahora-el-gobierno-se-queja","status":"publish","type":"post","link":"https:\/\/lametro989.com\/?p=10380","title":{"rendered":"Incre\u00edble pero real: gracias al DNU de Milei aumentaron las prepagas y ahora el Gobierno se queja"},"content":{"rendered":"\n<p>El ministro de Econom\u00eda le dio una entrevista a una de los voceros de Milei y tuvo una queja inexplicable por las prepagas.<\/p>\n\n\n\n<figure class=\"wp-block-image size-full\"><img loading=\"lazy\" decoding=\"async\" width=\"610\" height=\"457\" src=\"https:\/\/lametro989.com\/wp-content\/uploads\/2024\/04\/image-78.png\" alt=\"\" class=\"wp-image-10381\" srcset=\"https:\/\/lametro989.com\/wp-content\/uploads\/2024\/04\/image-78.png 610w, https:\/\/lametro989.com\/wp-content\/uploads\/2024\/04\/image-78-300x225.png 300w\" sizes=\"auto, (max-width: 610px) 100vw, 610px\" \/><\/figure>\n\n\n\n<p><strong>El gobierno de Javier Milei es un verdadero desquicio<\/strong>, no solo por la dejadez que provoc\u00f3 que en plena epidemia de dengue no haya repelentes, ni vacunas y mucho menos una campa\u00f1a de informaci\u00f3n nacional sobre la enfermedad, si no que ahora&nbsp;<strong>culpan a otros por decisiones propias.<\/strong><\/p>\n\n\n\n<p>Ya nada sorprende, con\u00a0<strong>aumentos de m\u00e1s de 500 por cientos en los servicios de luz y gas, m\u00e1s un 200% del agua, m\u00e1s prepagas, colegios privados, alimentos,\u00a0<\/strong>etc, ni siquiera que anuncien que est\u00e1 bajando la inflaci\u00f3n.<\/p>\n\n\n\n<h2 class=\"wp-block-heading\">Caputo, Milei y las prepagas: ins\u00f3lito gobierno libertario<\/h2>\n\n\n\n<figure class=\"wp-block-image\"><img decoding=\"async\" src=\"https:\/\/media.minutouno.com\/p\/eb42997d6b0e2a3e7cc93c8fff05b543\/adjuntos\/150\/imagenes\/041\/145\/0041145565\/milei-caputo.jpg\" alt=\"\" title=\"\"\/><\/figure>\n\n\n\n<p>El ministro de Econom\u00eda,&nbsp;<strong>Luis Caput<\/strong>o, critic\u00f3 duramente los&nbsp;<strong>aumentos desmedidos de las prepagas, habilitados tras la desregulaci\u00f3n de precios prevista por el mega<\/strong>&nbsp;DNU 70\/23 impulsado por el gobierno de Javier Milei.<\/p>\n\n\n\n<p>Caputo expres\u00f3 su enojo al afirmar que a las prepagas<em><strong>&nbsp;&#8220;se les recontra fue la mano&#8221;&nbsp;<\/strong><\/em>con los incrementos, que alcanzaron un 40% en enero, 27% en febrero y 20% en marzo, con una nueva suba prevista para abril.<\/p>\n\n\n\n<p>El ministro hizo un llamado a los empresarios para que<strong>&nbsp;&#8220;apuesten al pa\u00eds&#8221; incluso si este a\u00f1o &#8220;les toca perder&#8221;,<\/strong>&nbsp;y remarc\u00f3 que no se trata solo de un tema econ\u00f3mico, sino tambi\u00e9n de un cambio cultural necesario para transformar el pa\u00eds, indica una nota period\u00edstica publicada por&nbsp;<strong>la agencia Noticias Argentinas.<\/strong><\/p>\n\n\n\n<figure class=\"wp-block-image\"><img decoding=\"async\" src=\"https:\/\/media.minutouno.com\/p\/180739ce28f1fe7e72cbdccc78068d42\/adjuntos\/150\/imagenes\/023\/335\/0023335980\/610x0\/smart\/prepagas-aumentos2jpg.jpg\" alt=\"\" title=\"\"\/><\/figure>\n\n\n\n<p>&#8220;<em><strong>Todos tenemos que entender que para que el pa\u00eds cambie todos tenemos que cambiar algo, empezando por los empresarios<\/strong><\/em>&#8220;, se\u00f1al\u00f3 Caputo.<\/p>\n\n\n\n<p>En una entrevista televisiva con el&nbsp;<strong>vocero de Milei en TN<\/strong>,&nbsp;<strong>Jonatan Viale<\/strong>, el funcionario inform\u00f3 que el Gobierno est\u00e1&nbsp;<em>&#8220;viendo qu\u00e9 se puede hacer&#8221; y que tuvieron una reuni\u00f3n para abordar este tema.<\/em><\/p>\n\n\n\n<p><strong><em>&#8220;De alguna manera habr\u00e1 que hacerlos competir y entender que es parte de un cambio cultural<\/em>&#8220;,<\/strong>&nbsp;concluy\u00f3.<\/p>\n\n\n\n<h2 class=\"wp-block-heading\">Lo que viene: aumentos de las Prepagas<\/h2>\n\n\n\n<figure class=\"wp-block-image\"><img decoding=\"async\" src=\"https:\/\/media.minutouno.com\/p\/b1f1b878b617fb9c68abcfb3d9114624\/adjuntos\/150\/imagenes\/026\/198\/0026198599\/610x0\/smart\/swis-medical-prepaga.png\" alt=\"\" title=\"\"\/><\/figure>\n\n\n\n<p>Pese a las diversas cautelares que rigen contra el DNU de Milei,&nbsp;<strong>las prepagas se preparan para autorizar un nuevo incremento en los planes a partir de abril, estimado entre 16 y 19%, debido a un nuevo impuesto del 20% sobre los adicionales que paga un trabajador<\/strong>&nbsp;por un plan superador al que le ofrece su obra social, dispuesto por el mismo decreto.<\/p>\n\n\n\n<p>Con este nuevo aumento, la medicina privada tendr\u00e1 su cuarta suba consecutiva por encima de los dos d\u00edgitos en lo que va del a\u00f1o, acumulando incrementos del&nbsp;<strong>40% en enero, 27% en febrero, 20% en marzo y el pr\u00f3ximo en abril.<\/strong>&nbsp;Las cr\u00edticas del ministro Caputo evidencian las tensiones dentro del propio gobierno en torno a las consecuencias de las medidas tomadas en el sector de la salud privada.<\/p>\n","protected":false},"excerpt":{"rendered":"<p>El ministro de Econom\u00eda le dio una entrevista a una de los voceros de Milei y tuvo una queja inexplicable por las prepagas. El gobierno&hellip; <\/p>\n","protected":false},"author":2,"featured_media":10381,"comment_status":"open","ping_status":"open","sticky":false,"template":"","format":"standard","meta":{"footnotes":""},"categories":[5],"tags":[],"class_list":["post-10380","post","type-post","status-publish","format-standard","has-post-thumbnail","hentry","category-politica"],"_links":{"self":[{"href":"https:\/\/lametro989.com\/index.php?rest_route=\/wp\/v2\/posts\/10380","targetHints":{"allow":["GET"]}}],"collection":[{"href":"https:\/\/lametro989.com\/index.php?rest_route=\/wp\/v2\/posts"}],"about":[{"href":"https:\/\/lametro989.com\/index.php?rest_route=\/wp\/v2\/types\/post"}],"author":[{"embeddable":true,"href":"https:\/\/lametro989.com\/index.php?rest_route=\/wp\/v2\/users\/2"}],"replies":[{"embeddable":true,"href":"https:\/\/lametro989.com\/index.php?rest_route=%2Fwp%2Fv2%2Fcomments&post=10380"}],"version-history":[{"count":1,"href":"https:\/\/lametro989.com\/index.php?rest_route=\/wp\/v2\/posts\/10380\/revisions"}],"predecessor-version":[{"id":10382,"href":"https:\/\/lametro989.com\/index.php?rest_route=\/wp\/v2\/posts\/10380\/revisions\/10382"}],"wp:featuredmedia":[{"embeddable":true,"href":"https:\/\/lametro989.com\/index.php?rest_route=\/wp\/v2\/media\/10381"}],"wp:attachment":[{"href":"https:\/\/lametro989.com\/index.php?rest_route=%2Fwp%2Fv2%2Fmedia&parent=10380"}],"wp:term":[{"taxonomy":"category","embeddable":true,"href":"https:\/\/lametro989.com\/index.php?rest_route=%2Fwp%2Fv2%2Fcategories&post=10380"},{"taxonomy":"post_tag","embeddable":true,"href":"https:\/\/lametro989.com\/index.php?rest_route=%2Fwp%2Fv2%2Ftags&post=10380"}],"curies":[{"name":"wp","href":"https:\/\/api.w.org\/{rel}","templated":true}]}}