{"id":1041,"date":"2023-07-11T22:45:46","date_gmt":"2023-07-12T01:45:46","guid":{"rendered":"https:\/\/lametro989.com\/?p=1041"},"modified":"2023-07-11T22:55:27","modified_gmt":"2023-07-12T01:55:27","slug":"federacion-agraria-se-declara-en-estado-de-alerta-y-pide-una-audiencia-con-el-gobernador","status":"publish","type":"post","link":"https:\/\/lametro989.com\/?p=1041","title":{"rendered":"Federaci\u00f3n Agraria se declara &#8220;en estado de alerta&#8221; y pide una audiencia con el Gobernador"},"content":{"rendered":"\n<p>Peque\u00f1os y medianos productores nucleados en las filiales de <strong>S\u00e1enz Pe\u00f1a, La Tigra, Avia Terai, Corzuela, Hermoso Campo y Santa Silvina<\/strong> de Federaci\u00f3n Agraria Argentina se reunieron este lunes en la localidad termal en el marco de una asamblea para <strong>abordar y discutir &#8220;temas urgentes del sector&#8221;<\/strong>\u00a0.<\/p>\n\n\n\n<figure class=\"wp-block-image size-full\"><img loading=\"lazy\" decoding=\"async\" width=\"850\" height=\"638\" src=\"https:\/\/lametro989.com\/wp-content\/uploads\/2023\/07\/imagen-120.png\" alt=\"\" class=\"wp-image-1042\" srcset=\"https:\/\/lametro989.com\/wp-content\/uploads\/2023\/07\/imagen-120.png 850w, https:\/\/lametro989.com\/wp-content\/uploads\/2023\/07\/imagen-120-300x225.png 300w, https:\/\/lametro989.com\/wp-content\/uploads\/2023\/07\/imagen-120-768x576.png 768w\" sizes=\"auto, (max-width: 850px) 100vw, 850px\" \/><\/figure>\n\n\n\n<p>En esa reuni\u00f3n<strong> se elabor\u00f3 un documento<\/strong> que tiene como finalidad ser entregado al Gobernador de la Provincia, <strong>Jorge Capitanich<\/strong>, al ministro de Econom\u00eda <strong>Santiago P\u00e9rez Pons<\/strong> y al ministro de Producci\u00f3n <strong>Sebasti\u00e1n Lifton<\/strong> para encontrar alg\u00fan canal de soluci\u00f3n a los planteos que hicieron los productores.<\/p>\n\n\n\n<p>&#8220;Necesitamos que el gobierno<strong> comprenda la gravedad de la situaci\u00f3n por la que atraviesa el sector<\/strong>\u00a0 y que nuestro reclamo tiene que ver con acceder a recursos para subsistir haciendo lo que sabemos hacer y lo queremos seguir haciendo, trabajando la tierra&#8221;, se\u00f1alaron.<\/p>\n\n\n\n<p>En este sentido, la asamblea resolvi\u00f3 que <strong>si al cabo de 7 d\u00edas no hay respuestas concretas a lo expuesto en la nota, se evaluar\u00e1 recurrir medidas de fuerza<\/strong> que pueden incluir la movilizaci\u00f3n en ruta.<\/p>\n\n\n\n<h2 class=\"wp-block-heading\">LA SOLICITUD DE LOS PRODUCTORES<\/h2>\n\n\n\n<p>En la nota que ser\u00e1 entregada al gobernador Capitanich y sus ministros lo productores solicitan &#8220;<strong>el pago inmediato de la emergencia 22\/23 en curso<\/strong>&nbsp;, dado que ya han pasado m\u00e1s 180 d\u00edas desde el anuncio, el productor est\u00e1 entrando en una nueva siembra y necesita esos recursos para &nbsp;subsistir y volcarlos a su actividad&#8221;.<ins><\/ins><\/p>\n\n\n\n<p>Como segundo punto plantean la necesidad de una asistencia extraordinaria en forma de combustible de <strong>400 millones de pesos para el sector<\/strong>&nbsp;, ya que aseguran que &#8220;hay departamentos con 3 a\u00f1os consecutivos de sequ\u00eda con graves consecuencias en la producci\u00f3n, y para ellos se necesita una mirada especial&#8221;.<\/p>\n\n\n\n<figure class=\"wp-block-image\"><img decoding=\"async\" src=\"https:\/\/www.diariochaco.com\/content\/bucket\/4\/579774w790h444c.jpg.webp\" alt=\"\"\/><\/figure>\n\n\n\n<p>Adem\u00e1s, explicaron que&#8221;el productor necesita para trabajar y no dejar su actividad, porque con las complicaciones a nivel nacional, por los bloqueos de AFIP, que no dejaron levantar en tiempo y forma la cosecha de soja, <strong>se perdi\u00f3 el beneficio del d\u00f3lar soja, que adem\u00e1s fue una pol\u00edtica pensada y armada a la medida de los grandes productores y exportadores del centro del pa\u00eds<\/strong>&nbsp;. El peque\u00f1o productor del Chaco no pudo acceder a este beneficio porque la cosecha de soja en Chaco qued\u00f3 fuera del plazo establecido para las liquidaciones&#8221;.&nbsp;<\/p>\n\n\n\n<p>El tema algodonero tambi\u00e9n preocupa al sector ya que hay productores que est\u00e1n cosechando el algod\u00f3n y no pueden colocarlo por un problema de saturaci\u00f3n del mercado. &nbsp;&#8220;Hoy el productor no est\u00e1 sabiendo qu\u00e9 hacer con el algod\u00f3n en los campos. <strong>No hay compradores, no hay precios de referencia ni dinero para afrontar los servicios de flete y cosecha.<\/strong>&nbsp; Entonces hoy exigimos que la inmediata puesta en marcha del MERCAL como forma de regular y transparentar el mercado&#8221;.<\/p>\n\n\n\n<p>Por lo expuesto estas filiales se declaran en estado de <strong>&#8220;alerta y movilizaci\u00f3n&#8221;<\/strong>&nbsp; y solicitan al gobernador &#8220;<strong>con car\u00e1cter urgente<\/strong>&nbsp; una respuesta a estas problem\u00e1ticas, e inmediata reuni\u00f3n en Presidencia Roque S\u00e1enz Pe\u00f1a con el equipo de Econom\u00eda encabezado por el Ministro P\u00e9rez Pons, junto al Ministro de Producci\u00f3n Sebasti\u00e1n Lifton y dem\u00e1s funcionarios involucrados en los puntos planteados&#8221;.<\/p>\n\n\n\n<p>Por ultimo se\u00f1alaron que &#8220;Toda esta crisis va en aumento porque varios de los pedidos fueron realizados hace alrededor de 90 d\u00edas en una reuni\u00f3n con el gobernador, de la cual ten\u00eda que participar el ministro de Econom\u00eda <strong>P\u00e9rez Pons<\/strong> pero no estuvo presente. No se entiende que un hijo de la localidad de S\u00e1enz Pe\u00f1a, candidato a primer diputado por el oficialismo, <strong>no se involucre en la problem\u00e1tica de un sector tan representativo de la actividad de los peque\u00f1os y medianos agricultores<\/strong>&nbsp;, y asigne los recursos que estaban destinados a sostener su actividad. Es por eso que el malestar de los productores est\u00e1 latente y se va profundizando con el correr de los d\u00edas&#8221;.<\/p>\n","protected":false},"excerpt":{"rendered":"<p>Peque\u00f1os y medianos productores nucleados en las filiales de S\u00e1enz Pe\u00f1a, La Tigra, Avia Terai, Corzuela, Hermoso Campo y Santa Silvina de Federaci\u00f3n Agraria Argentina&hellip; <\/p>\n","protected":false},"author":2,"featured_media":1042,"comment_status":"open","ping_status":"open","sticky":false,"template":"","format":"standard","meta":{"footnotes":""},"categories":[9,2],"tags":[],"class_list":["post-1041","post","type-post","status-publish","format-standard","has-post-thumbnail","hentry","category-destacadas","category-provinciales"],"_links":{"self":[{"href":"https:\/\/lametro989.com\/index.php?rest_route=\/wp\/v2\/posts\/1041","targetHints":{"allow":["GET"]}}],"collection":[{"href":"https:\/\/lametro989.com\/index.php?rest_route=\/wp\/v2\/posts"}],"about":[{"href":"https:\/\/lametro989.com\/index.php?rest_route=\/wp\/v2\/types\/post"}],"author":[{"embeddable":true,"href":"https:\/\/lametro989.com\/index.php?rest_route=\/wp\/v2\/users\/2"}],"replies":[{"embeddable":true,"href":"https:\/\/lametro989.com\/index.php?rest_route=%2Fwp%2Fv2%2Fcomments&post=1041"}],"version-history":[{"count":1,"href":"https:\/\/lametro989.com\/index.php?rest_route=\/wp\/v2\/posts\/1041\/revisions"}],"predecessor-version":[{"id":1043,"href":"https:\/\/lametro989.com\/index.php?rest_route=\/wp\/v2\/posts\/1041\/revisions\/1043"}],"wp:featuredmedia":[{"embeddable":true,"href":"https:\/\/lametro989.com\/index.php?rest_route=\/wp\/v2\/media\/1042"}],"wp:attachment":[{"href":"https:\/\/lametro989.com\/index.php?rest_route=%2Fwp%2Fv2%2Fmedia&parent=1041"}],"wp:term":[{"taxonomy":"category","embeddable":true,"href":"https:\/\/lametro989.com\/index.php?rest_route=%2Fwp%2Fv2%2Fcategories&post=1041"},{"taxonomy":"post_tag","embeddable":true,"href":"https:\/\/lametro989.com\/index.php?rest_route=%2Fwp%2Fv2%2Ftags&post=1041"}],"curies":[{"name":"wp","href":"https:\/\/api.w.org\/{rel}","templated":true}]}}