{"id":1044,"date":"2023-07-11T22:48:05","date_gmt":"2023-07-12T01:48:05","guid":{"rendered":"https:\/\/lametro989.com\/?p=1044"},"modified":"2023-07-11T22:48:05","modified_gmt":"2023-07-12T01:48:05","slug":"capitanich-visito-distintos-barrios-de-resistencia-nos-pone-muy-contentos-charlar-con-los-vecinos","status":"publish","type":"post","link":"https:\/\/lametro989.com\/?p=1044","title":{"rendered":"Capitanich visit\u00f3 distintos barrios de Resistencia: &#8220;Nos pone muy contentos charlar con los vecinos&#8221;"},"content":{"rendered":"\n<p>Se trat\u00f3 de encuentros con comunidades de los barrios Los Teros, Villa San Mart\u00edn, Villa Prosperidad, Villa R\u00edo Negro y zonas aleda\u00f1as.\u00a0<\/p>\n\n\n\n<figure class=\"wp-block-image size-full\"><img loading=\"lazy\" decoding=\"async\" width=\"850\" height=\"567\" src=\"https:\/\/lametro989.com\/wp-content\/uploads\/2023\/07\/imagen-121.png\" alt=\"\" class=\"wp-image-1045\" srcset=\"https:\/\/lametro989.com\/wp-content\/uploads\/2023\/07\/imagen-121.png 850w, https:\/\/lametro989.com\/wp-content\/uploads\/2023\/07\/imagen-121-300x200.png 300w, https:\/\/lametro989.com\/wp-content\/uploads\/2023\/07\/imagen-121-768x512.png 768w\" sizes=\"auto, (max-width: 850px) 100vw, 850px\" \/><\/figure>\n\n\n\n<p>El gobernador Capitanich se reuni\u00f3 con vecinos de los circuitos 5 A y B y 19 B de Resistencia. De este modo, junto a referentes<strong> vecinales traz\u00f3 una agenda de acciones y obras prioritarias para elevar la calidad de vecinas y vecinos de la capital chaque\u00f1a.<\/strong><\/p>\n\n\n\n<p>En ese contexto, &#8220;el gobernador se comprometi\u00f3 a la ejecuci\u00f3n de 2.500 cuadras de pavimento para la capital chaque\u00f1a en los pr\u00f3ximos a\u00f1os como parte del Plan Quinquenal 2023 &#8211; 2027 y la finalizaci\u00f3n de las 2.200 que se encuentran en ejecuci\u00f3n. Adem\u00e1s junto a los vecinos trazaron una agenda propositiva para ofrecer soluciones a las demandas <strong>en materia de seguridad, iluminaci\u00f3n, salud, acceso a servicios y urbanizaci\u00f3n de barrios populares&#8221;<\/strong>, detallaron desde el Gobierno provincial.&nbsp;<\/p>\n\n\n\n<p>&#8220;Nos pone muy contentos charlar con los vecinos y vecinas porque nos permitir\u00e1 seguir haciendo un trabajo ordenado entre todos y todas&#8221;, ratific\u00f3 Capitanich, quien estuvo acompa\u00f1ado por la ministra de Desarrollo Social, Mar\u00eda P\u00eda Chiacchio Cavana, el presidente del Directorio de Secheep, Gast\u00f3n Blanquet, el presidente del Instituto del Deporte Chaque\u00f1o, Osvaldo P\u00e9rez Cuevas, y los directores de la Fundaci\u00f3n Chaco Solidario, Carla Prette y Hernan Knezovich.<\/p>\n\n\n\n<p>La primera parada del mandatario fue el Barrio Los Teros, donde dialog\u00f3 junto a los referentes &#8220;sobre soluciones que tienen que ver con el enripiado de las calles, m\u00e1s iluminaci\u00f3n y desag\u00fces para beneficio de cerca de 2.000 familias que viven en el barrio&#8221;, explic\u00f3 el jefe del Ejecutivo chaque\u00f1o, tras el encuentro del que tambi\u00e9n participaron las diputadas provinciales, Mariela Quir\u00f3s y Teresa Cubells.<\/p>\n\n\n\n<p>Walter Almir\u00f3n, de la Comisi\u00f3n Vecinal de Los Teros, destac\u00f3 &#8220;<strong>la visita del Gobernador y sus muy buenas propuestas para seguir levantando nuestro barrio,<\/strong> y remarc\u00f3 la relevancia de que el mandatario atienda a pedidos de mejoras barriales como limpieza de calles y zanjeo, iluminaci\u00f3n, desag\u00fces. Son m\u00e1s de 2.000 familias que conforman la comunidad barrial&#8221;.&nbsp;<\/p>\n\n\n\n<p>Por su parte, el referente <strong>Pablo Rodr\u00edguez<\/strong> asegur\u00f3 que en el barrio &#8220;hay gente que vive hace 35 o 40 a\u00f1os, de toda la vida&#8221;, y que &#8220;muchas tienen problemas de t\u00edtulo y tambi\u00e9n de cloacas&#8221;. &#8220;Como ciudadano me parece la forma correcta de dirigirse con los vecinos. Es lo que ha hecho Coqui: ir al territorio, escuchar la problem\u00e1tica y r\u00e1pidamente buscar una soluci\u00f3n&#8221;, concluy\u00f3.<ins><\/ins><\/p>\n\n\n\n<p>En Villa Prosperidad, el jefe del Ejecutivo chaque\u00f1o replic\u00f3 el encuentro con referentes vecinales de ese barrio, <strong>&#8220;atendiendo necesidades con el objetivo de seguir trabajando en obras y acciones que mejoren la calidad de vida de los vecinos y vecinas&#8221;<\/strong>, confirm\u00f3 Capitanich. Al respecto, Martina Su\u00e1rez, nacida y criada en el barrio, se mostr\u00f3 &#8220;muy agradecida con el gobernador asegurando que &#8220;es un hombre de gesti\u00f3n y lo ha demostrado en las obras. Tenemos un Estado presente&#8221;, resalt\u00f3.<\/p>\n\n\n\n<p>Por \u00faltimo, acompa\u00f1ado por la ministra de Seguridad y Justicia, Gloria Zalazar; la secretaria de Municipios, Beatriz Bogado, el subsecretario de la Coordinaci\u00f3n Presupuestaria y Financiera, Luciano Moser; y el director Regional de ANSES, Agust\u00edn Aleman, el Gobernador visit\u00f3 Villa R\u00edo Negro donde atendi\u00f3 cuestiones vinculadas al tr\u00e1nsito vehicular, los accidentes, seguridad, educaci\u00f3n, cloacas, pavimentaci\u00f3n y accesibilidad, entre otras.&nbsp;<\/p>\n","protected":false},"excerpt":{"rendered":"<p>Se trat\u00f3 de encuentros con comunidades de los barrios Los Teros, Villa San Mart\u00edn, Villa Prosperidad, Villa R\u00edo Negro y zonas aleda\u00f1as.\u00a0 El gobernador Capitanich&hellip; <\/p>\n","protected":false},"author":2,"featured_media":1045,"comment_status":"open","ping_status":"open","sticky":false,"template":"","format":"standard","meta":{"footnotes":""},"categories":[9,2],"tags":[],"class_list":["post-1044","post","type-post","status-publish","format-standard","has-post-thumbnail","hentry","category-destacadas","category-provinciales"],"_links":{"self":[{"href":"https:\/\/lametro989.com\/index.php?rest_route=\/wp\/v2\/posts\/1044","targetHints":{"allow":["GET"]}}],"collection":[{"href":"https:\/\/lametro989.com\/index.php?rest_route=\/wp\/v2\/posts"}],"about":[{"href":"https:\/\/lametro989.com\/index.php?rest_route=\/wp\/v2\/types\/post"}],"author":[{"embeddable":true,"href":"https:\/\/lametro989.com\/index.php?rest_route=\/wp\/v2\/users\/2"}],"replies":[{"embeddable":true,"href":"https:\/\/lametro989.com\/index.php?rest_route=%2Fwp%2Fv2%2Fcomments&post=1044"}],"version-history":[{"count":1,"href":"https:\/\/lametro989.com\/index.php?rest_route=\/wp\/v2\/posts\/1044\/revisions"}],"predecessor-version":[{"id":1046,"href":"https:\/\/lametro989.com\/index.php?rest_route=\/wp\/v2\/posts\/1044\/revisions\/1046"}],"wp:featuredmedia":[{"embeddable":true,"href":"https:\/\/lametro989.com\/index.php?rest_route=\/wp\/v2\/media\/1045"}],"wp:attachment":[{"href":"https:\/\/lametro989.com\/index.php?rest_route=%2Fwp%2Fv2%2Fmedia&parent=1044"}],"wp:term":[{"taxonomy":"category","embeddable":true,"href":"https:\/\/lametro989.com\/index.php?rest_route=%2Fwp%2Fv2%2Fcategories&post=1044"},{"taxonomy":"post_tag","embeddable":true,"href":"https:\/\/lametro989.com\/index.php?rest_route=%2Fwp%2Fv2%2Ftags&post=1044"}],"curies":[{"name":"wp","href":"https:\/\/api.w.org\/{rel}","templated":true}]}}