{"id":1057,"date":"2023-07-11T23:04:02","date_gmt":"2023-07-12T02:04:02","guid":{"rendered":"https:\/\/lametro989.com\/?p=1057"},"modified":"2023-07-11T23:04:02","modified_gmt":"2023-07-12T02:04:02","slug":"regreso-a-su-hogar-la-joven-que-era-buscada-por-la-policia","status":"publish","type":"post","link":"https:\/\/lametro989.com\/?p=1057","title":{"rendered":"Regres\u00f3 a su hogar la joven que era buscada por la Polic\u00eda"},"content":{"rendered":"\n<p>Su hermano hab\u00eda realizado la denuncia el 5 de julio, ante la Divisi\u00f3n Violencia Familiar y de G\u00e9nero.<\/p>\n\n\n\n<figure class=\"wp-block-image size-full\"><img loading=\"lazy\" decoding=\"async\" width=\"689\" height=\"849\" src=\"https:\/\/lametro989.com\/wp-content\/uploads\/2023\/07\/imagen-125.png\" alt=\"\" class=\"wp-image-1058\" srcset=\"https:\/\/lametro989.com\/wp-content\/uploads\/2023\/07\/imagen-125.png 689w, https:\/\/lametro989.com\/wp-content\/uploads\/2023\/07\/imagen-125-243x300.png 243w\" sizes=\"auto, (max-width: 689px) 100vw, 689px\" \/><\/figure>\n\n\n\n<p>Un joven de 28 a\u00f1os denunci\u00f3 ayer, que desde el 5 de julio que no encontraba a su hermana en ning\u00fan lugar, por ello denunci\u00f3 en la Divisi\u00f3n Violencia Familiar y de G\u00e9nero. Desde all\u00ed se activ\u00f3 el Protocolo de Actuaci\u00f3n Policial en materia de desaparici\u00f3n de personas conforme a la Ley N\u00b0 1703-j\/18 y se dio intervenci\u00f3n a las unidades policiales.<\/p>\n\n\n\n<p>Esta ma\u00f1ana alrededor de las 10.30 regres\u00f3 a su hogar en buen estado de salud, los efectivos de la Divisi\u00f3n Sistema Provincial de B\u00fasqueda de Personas Desaparecidas y Extraviadas constataron la informaci\u00f3n y trasladaron a la Divisi\u00f3n Medicina Legal y luego fue restituida a su domicilio.<\/p>\n","protected":false},"excerpt":{"rendered":"<p>Su hermano hab\u00eda realizado la denuncia el 5 de julio, ante la Divisi\u00f3n Violencia Familiar y de G\u00e9nero. Un joven de 28 a\u00f1os denunci\u00f3 ayer,&hellip; <\/p>\n","protected":false},"author":2,"featured_media":1058,"comment_status":"open","ping_status":"open","sticky":false,"template":"","format":"standard","meta":{"footnotes":""},"categories":[5],"tags":[],"class_list":["post-1057","post","type-post","status-publish","format-standard","has-post-thumbnail","hentry","category-politica"],"_links":{"self":[{"href":"https:\/\/lametro989.com\/index.php?rest_route=\/wp\/v2\/posts\/1057","targetHints":{"allow":["GET"]}}],"collection":[{"href":"https:\/\/lametro989.com\/index.php?rest_route=\/wp\/v2\/posts"}],"about":[{"href":"https:\/\/lametro989.com\/index.php?rest_route=\/wp\/v2\/types\/post"}],"author":[{"embeddable":true,"href":"https:\/\/lametro989.com\/index.php?rest_route=\/wp\/v2\/users\/2"}],"replies":[{"embeddable":true,"href":"https:\/\/lametro989.com\/index.php?rest_route=%2Fwp%2Fv2%2Fcomments&post=1057"}],"version-history":[{"count":1,"href":"https:\/\/lametro989.com\/index.php?rest_route=\/wp\/v2\/posts\/1057\/revisions"}],"predecessor-version":[{"id":1059,"href":"https:\/\/lametro989.com\/index.php?rest_route=\/wp\/v2\/posts\/1057\/revisions\/1059"}],"wp:featuredmedia":[{"embeddable":true,"href":"https:\/\/lametro989.com\/index.php?rest_route=\/wp\/v2\/media\/1058"}],"wp:attachment":[{"href":"https:\/\/lametro989.com\/index.php?rest_route=%2Fwp%2Fv2%2Fmedia&parent=1057"}],"wp:term":[{"taxonomy":"category","embeddable":true,"href":"https:\/\/lametro989.com\/index.php?rest_route=%2Fwp%2Fv2%2Fcategories&post=1057"},{"taxonomy":"post_tag","embeddable":true,"href":"https:\/\/lametro989.com\/index.php?rest_route=%2Fwp%2Fv2%2Ftags&post=1057"}],"curies":[{"name":"wp","href":"https:\/\/api.w.org\/{rel}","templated":true}]}}