{"id":1060,"date":"2023-07-11T23:06:29","date_gmt":"2023-07-12T02:06:29","guid":{"rendered":"https:\/\/lametro989.com\/?p=1060"},"modified":"2023-07-11T23:06:29","modified_gmt":"2023-07-12T02:06:29","slug":"dos-testigos-mas-ratificaron-la-supuesta-venta-de-candidaturas-en-el-espacio-de-milei","status":"publish","type":"post","link":"https:\/\/lametro989.com\/?p=1060","title":{"rendered":"Dos testigos m\u00e1s ratificaron la supuesta venta de candidaturas en el espacio de Milei"},"content":{"rendered":"\n<p>La legisladora porte\u00f1a Rebeca Fleitas, exaliada de Milei, y a Mila Zurbriggen, exmilitante de LLA, declararon ante el fiscal que interviene en la causa y confirmaron las acusaciones contra la organizaci\u00f3n. Adem\u00e1s, Zurbriggen dijo que teme por su &#8220;seguridad&#8221;.<\/p>\n\n\n\n<figure class=\"wp-block-image size-large\"><img loading=\"lazy\" decoding=\"async\" width=\"1024\" height=\"576\" src=\"https:\/\/lametro989.com\/wp-content\/uploads\/2023\/07\/imagen-126-1024x576.png\" alt=\"\" class=\"wp-image-1061\" srcset=\"https:\/\/lametro989.com\/wp-content\/uploads\/2023\/07\/imagen-126-1024x576.png 1024w, https:\/\/lametro989.com\/wp-content\/uploads\/2023\/07\/imagen-126-300x169.png 300w, https:\/\/lametro989.com\/wp-content\/uploads\/2023\/07\/imagen-126-768x432.png 768w, https:\/\/lametro989.com\/wp-content\/uploads\/2023\/07\/imagen-126.png 1200w\" sizes=\"auto, (max-width: 1024px) 100vw, 1024px\" \/><\/figure>\n\n\n\n<p><strong>Una exaliada y una exmilitante de Javier Milei ratificaron este martes sus acusaciones contra La Libertad Avanza (LLA),<\/strong> al declarar ante el fiscal que investiga la supuesta venta de cargos en esa organizaci\u00f3n pol\u00edtica, mientras la agrupaci\u00f3n pidi\u00f3 participar de la investigaci\u00f3n judicial y present\u00f3 una lista con unos cien candidatos del espacio desestimando las denuncias.<\/p>\n\n\n\n<p>El fiscal federal Ramiro Gonz\u00e1lez convoc\u00f3 este martes a la legisladora porte\u00f1a Rebeca Fleitas, exaliada de Milei, y a Mila Zurbriggen, exmilitante de LLA para que <strong>aportaran informaci\u00f3n sobre la presunta venta de cargos en el partido del precandidato presidencial libertario.<\/strong><\/p>\n\n\n\n<p>Zurbriggen, emprendedora digital, afirm\u00f3 que <strong>supo de la venta de cargos en La Libertad Avanza a trav\u00e9s de &#8220;terceros&#8221; y sostuvo que teme por su &#8220;seguridad&#8221;,<\/strong> seg\u00fan precisaron fuentes de la investigaci\u00f3n.<\/p>\n\n\n\n<p>A principios de a\u00f1o Zurbriggen hab\u00eda dicho que el objetivo de LLA se hab\u00eda &#8220;desvirtuado&#8221; y que &#8220;se vend\u00edan candidaturas por favores sexuales&#8221;.<\/p>\n\n\n\n<p>Fleitas dijo, en cambio, que <strong>no tuvo conflicto con LLA, sino con la junta promotora de ese partido porque le pidieron nombrar a sus colaboradores en la Legislatura cuando result\u00f3 electa<\/strong>, informaron las fuentes.<\/p>\n\n\n\n<h3 class=\"wp-block-heading\">La declaraci\u00f3n de Maslat\u00f3n<\/h3>\n\n\n\n<p>Como parte de esta investigaci\u00f3n preliminar el fiscal Gonz\u00e1lez tambi\u00e9n tom\u00f3 declaraci\u00f3n el viernes pasado al exdirigente del espacio de Milei, <strong>Carlos Maslat\u00f3n.<\/strong><\/p>\n\n\n\n<p>El abogado ratific\u00f3 sus declaraciones p\u00fablicas y <strong>dijo que recibi\u00f3 denuncias sobre pedidos de dinero a cambio de candidaturas por parte de &#8220;operadores&#8221;<\/strong> de La Libertad Avanza.<\/p>\n\n\n\n<p>Adem\u00e1s, aport\u00f3 nombres, casos puntuales y asegur\u00f3 que se implement\u00f3 un sistema de &#8220;franquiciado pol\u00edtico&#8221; en el espacio &#8220;libertario&#8221;.<\/p>\n\n\n\n<p>&#8220;<strong>Si no pagan y se hace una publicaci\u00f3n con Milei se encargan de decir que esa publicidad no es cierta<\/strong>. As\u00ed mataron a la militancia. Yo llamo a esto &#8216;franquiciado pol\u00edtico&#8217;. El que recibe la franquicia paga un canon por el uso de la imagen, s\u00edmbolo y el derecho a ser candidato. Tengo versiones de que hay gente que pag\u00f3 el canon y no integr\u00f3 las listas&#8221;, se explay\u00f3 el comentarista pol\u00edtico ante el fiscal.<\/p>\n\n\n\n<h3 class=\"wp-block-heading\">Los abogados de LLA<\/h3>\n\n\n\n<p>Si bien no es necesario en esta instancia, en la que no hay imputaciones, <strong>La Libertad Avanza present\u00f3 como sus abogados en el caso a los letrados Francisco Glodaracena y Cristian De Fazio,<\/strong> quienes pidieron ser parte de la investigaci\u00f3n preliminar.<\/p>\n\n\n\n<p>En el mismo tr\u00e1mite, los representantes de Milei dejaron una nota en la fiscal\u00eda firmada por presuntos candidatos del espacio que desmienten y repudian las &#8220;falsas acusaciones&#8221;.<\/p>\n\n\n\n<p>El listado, encabezado por Sebasti\u00e1n Pareja, rechaz\u00f3 enf\u00e1ticamente las denuncias: &#8220;Jam\u00e1s se nos peticion\u00f3 dinero alguno en miras a ser propuestos en el cargo&#8221; aseguraron y recalcaron que todo est\u00e1 &#8220;orquestado por intereses espurios&#8221;.<\/p>\n\n\n\n<p><strong>En tanto, otro de los denunciantes de los manejos en el espacio &#8220;libertario&#8221;, Juan Carlos Blumberg,<\/strong> envi\u00f3 este martes un pedido al fiscal expresando su &#8220;total disposici\u00f3n&#8221; a colaborar en la investigaci\u00f3n.<\/p>\n\n\n\n<p>El empresario Blumberg dijo p\u00fablicamente que <strong>hubo gente que &#8220;pag\u00f3&#8221; para integrar las listas de LLA y acus\u00f3 a Carlos Kikuchi, Sebasti\u00e1n Pareja y Karina Milei,<\/strong> &#8220;armadores&#8221; de este espacio, de pedir &#8220;dinero&#8221; para conformar las n\u00f3minas electorales.<\/p>\n\n\n\n<p><strong>&#8220;Hay gente que pag\u00f3 por un cargo de concejal 50.000 d\u00f3lares<\/strong>. Lo m\u00e1s grave es que han hecho un negocio con la pol\u00edtica&#8221;, dijo Blumberg en declaraciones radiales.<\/p>\n\n\n\n<p><strong><em>Fuente: T\u00e9lam<\/em><\/strong><\/p>\n","protected":false},"excerpt":{"rendered":"<p>La legisladora porte\u00f1a Rebeca Fleitas, exaliada de Milei, y a Mila Zurbriggen, exmilitante de LLA, declararon ante el fiscal que interviene en la causa y&hellip; <\/p>\n","protected":false},"author":2,"featured_media":1061,"comment_status":"open","ping_status":"open","sticky":false,"template":"","format":"standard","meta":{"footnotes":""},"categories":[5],"tags":[],"class_list":["post-1060","post","type-post","status-publish","format-standard","has-post-thumbnail","hentry","category-politica"],"_links":{"self":[{"href":"https:\/\/lametro989.com\/index.php?rest_route=\/wp\/v2\/posts\/1060","targetHints":{"allow":["GET"]}}],"collection":[{"href":"https:\/\/lametro989.com\/index.php?rest_route=\/wp\/v2\/posts"}],"about":[{"href":"https:\/\/lametro989.com\/index.php?rest_route=\/wp\/v2\/types\/post"}],"author":[{"embeddable":true,"href":"https:\/\/lametro989.com\/index.php?rest_route=\/wp\/v2\/users\/2"}],"replies":[{"embeddable":true,"href":"https:\/\/lametro989.com\/index.php?rest_route=%2Fwp%2Fv2%2Fcomments&post=1060"}],"version-history":[{"count":1,"href":"https:\/\/lametro989.com\/index.php?rest_route=\/wp\/v2\/posts\/1060\/revisions"}],"predecessor-version":[{"id":1062,"href":"https:\/\/lametro989.com\/index.php?rest_route=\/wp\/v2\/posts\/1060\/revisions\/1062"}],"wp:featuredmedia":[{"embeddable":true,"href":"https:\/\/lametro989.com\/index.php?rest_route=\/wp\/v2\/media\/1061"}],"wp:attachment":[{"href":"https:\/\/lametro989.com\/index.php?rest_route=%2Fwp%2Fv2%2Fmedia&parent=1060"}],"wp:term":[{"taxonomy":"category","embeddable":true,"href":"https:\/\/lametro989.com\/index.php?rest_route=%2Fwp%2Fv2%2Fcategories&post=1060"},{"taxonomy":"post_tag","embeddable":true,"href":"https:\/\/lametro989.com\/index.php?rest_route=%2Fwp%2Fv2%2Ftags&post=1060"}],"curies":[{"name":"wp","href":"https:\/\/api.w.org\/{rel}","templated":true}]}}