{"id":1063,"date":"2023-07-11T23:08:29","date_gmt":"2023-07-12T02:08:29","guid":{"rendered":"https:\/\/lametro989.com\/?p=1063"},"modified":"2023-07-11T23:08:29","modified_gmt":"2023-07-12T02:08:29","slug":"publican-cuadernillo-sobre-politica-publica-para-mujeres-y-personas-lgbti-con-discapacidad","status":"publish","type":"post","link":"https:\/\/lametro989.com\/?p=1063","title":{"rendered":"Publican cuadernillo sobre pol\u00edtica p\u00fablica para mujeres y personas LGBTI+ con discapacidad"},"content":{"rendered":"\n<p>La creaci\u00f3n de este documento tiene como objetivo el de &#8220;visibilizar las distintas problem\u00e1ticas y situaciones de discriminaci\u00f3n y vulneraci\u00f3n sistem\u00e1tica de derechos que enfrentan las mujeres y personas LGBTI+ con discapacidad&#8221;.   <\/p>\n\n\n\n<figure class=\"wp-block-image size-full\"><img loading=\"lazy\" decoding=\"async\" width=\"1024\" height=\"683\" src=\"https:\/\/lametro989.com\/wp-content\/uploads\/2023\/07\/imagen-127.png\" alt=\"\" class=\"wp-image-1064\" srcset=\"https:\/\/lametro989.com\/wp-content\/uploads\/2023\/07\/imagen-127.png 1024w, https:\/\/lametro989.com\/wp-content\/uploads\/2023\/07\/imagen-127-300x200.png 300w, https:\/\/lametro989.com\/wp-content\/uploads\/2023\/07\/imagen-127-768x512.png 768w\" sizes=\"auto, (max-width: 1024px) 100vw, 1024px\" \/><\/figure>\n\n\n\n<p>El Ministerio de Mujeres, G\u00e9nero y Diversidad y la Agencia Nacional de Discapacidad (Andis) elaboraron un documento conjunto para &#8220;visibilizar las distintas problem\u00e1ticas y situaciones de discriminaci\u00f3n y vulneraci\u00f3n sistem\u00e1tica de derechos que enfrentan las mujeres y personas LGBTI+ con discapacidad&#8221;, que forma parte de un cuadernillo publicado este martes, se\u00f1alaron voceros de ambos organismos.<\/p>\n\n\n\n<p><strong>&#8220;Celebro la publicaci\u00f3n de este cuadernillo porque es el resultado de un consolidado trabajo articulado. Una nueva pol\u00edtica p\u00fablica sobre los derechos de mujeres y personas LGBTI+ con discapacidad que se suma a muchas otras que venimos desarrollando en conjunto y que es una herramienta m\u00e1s para el correcto abordaje de la tem\u00e1tica, tanto en el Estado Nacional como en los gobiernos provinciales y locales, en las escuelas y en las organizaciones de la sociedad civil&#8221; afirm\u00f3 la Coordinadora de la Unidad de Pol\u00edticas de G\u00e9neros de Andis, Estefan\u00eda Saccon.<\/strong><\/p>\n\n\n\n<p>La creaci\u00f3n de este documento tiene como objetivo el de &#8220;visibilizar las distintas problem\u00e1ticas y situaciones de discriminaci\u00f3n y vulneraci\u00f3n sistem\u00e1tica de derechos que enfrentan las mujeres y personas LGBTI+ con discapacidad&#8221;, as\u00ed como tambi\u00e9n &#8220;reafirmar el compromiso del Estado en la construcci\u00f3n de una sociedad que permita una transformaci\u00f3n hacia entornos igualitarios, inclusivos y libres de violencias por motivos de g\u00e9neros, diversidad y discapacidad&#8221;.<\/p>\n\n\n\n<p><strong>Por su parte, la directora de Programas Transversales de Igualdad del MMGyD, Roc\u00edo Lafuente Duarte, destac\u00f3 que &#8220;es un insumo que condensa la mirada del Estado Nacional sobre la importancia de trabajar las pol\u00edticas p\u00fablicas en clave interseccional de g\u00e9nero, diversidad y discapacidad&#8221;.<\/strong><\/p>\n\n\n\n<p>La presentaci\u00f3n del cuadernillo, tuvo lugar en el Archivo General de la Naci\u00f3n, contando con la presencia de la secretaria de Pol\u00edticas de Igualdad y Diversidad del MMyD, Paulina Calder\u00f3n; la subsecretaria de Pol\u00edticas de Igualdad del MMGyD, Luc\u00eda Cirmi Ob\u00f3n; la titular de la Direcci\u00f3n Nacional de Articulaci\u00f3n de Pol\u00edticas Integrales de Igualdad del MMGyD, Marcela Cortiellas; y la subdirectora ejecutiva de la ANDIS, Paula Gargiulo; as\u00ed como de referentes de distintas organizaciones de la sociedad civil.&nbsp;<\/p>\n\n\n\n<p><em>Fuente: T\u00e9lam<\/em><\/p>\n","protected":false},"excerpt":{"rendered":"<p>La creaci\u00f3n de este documento tiene como objetivo el de &#8220;visibilizar las distintas problem\u00e1ticas y situaciones de discriminaci\u00f3n y vulneraci\u00f3n sistem\u00e1tica de derechos que enfrentan&hellip; <\/p>\n","protected":false},"author":2,"featured_media":1064,"comment_status":"open","ping_status":"open","sticky":false,"template":"","format":"standard","meta":{"footnotes":""},"categories":[13],"tags":[],"class_list":["post-1063","post","type-post","status-publish","format-standard","has-post-thumbnail","hentry","category-nacionales"],"_links":{"self":[{"href":"https:\/\/lametro989.com\/index.php?rest_route=\/wp\/v2\/posts\/1063","targetHints":{"allow":["GET"]}}],"collection":[{"href":"https:\/\/lametro989.com\/index.php?rest_route=\/wp\/v2\/posts"}],"about":[{"href":"https:\/\/lametro989.com\/index.php?rest_route=\/wp\/v2\/types\/post"}],"author":[{"embeddable":true,"href":"https:\/\/lametro989.com\/index.php?rest_route=\/wp\/v2\/users\/2"}],"replies":[{"embeddable":true,"href":"https:\/\/lametro989.com\/index.php?rest_route=%2Fwp%2Fv2%2Fcomments&post=1063"}],"version-history":[{"count":1,"href":"https:\/\/lametro989.com\/index.php?rest_route=\/wp\/v2\/posts\/1063\/revisions"}],"predecessor-version":[{"id":1065,"href":"https:\/\/lametro989.com\/index.php?rest_route=\/wp\/v2\/posts\/1063\/revisions\/1065"}],"wp:featuredmedia":[{"embeddable":true,"href":"https:\/\/lametro989.com\/index.php?rest_route=\/wp\/v2\/media\/1064"}],"wp:attachment":[{"href":"https:\/\/lametro989.com\/index.php?rest_route=%2Fwp%2Fv2%2Fmedia&parent=1063"}],"wp:term":[{"taxonomy":"category","embeddable":true,"href":"https:\/\/lametro989.com\/index.php?rest_route=%2Fwp%2Fv2%2Fcategories&post=1063"},{"taxonomy":"post_tag","embeddable":true,"href":"https:\/\/lametro989.com\/index.php?rest_route=%2Fwp%2Fv2%2Ftags&post=1063"}],"curies":[{"name":"wp","href":"https:\/\/api.w.org\/{rel}","templated":true}]}}