{"id":1069,"date":"2023-07-11T23:19:25","date_gmt":"2023-07-12T02:19:25","guid":{"rendered":"https:\/\/lametro989.com\/?p=1069"},"modified":"2023-07-11T23:19:25","modified_gmt":"2023-07-12T02:19:25","slug":"cae-la-denuncia-contra-cristina-kirchner-por-supuestas-irregularidades-en-la-vacunacion-contra-el-covid-19","status":"publish","type":"post","link":"https:\/\/lametro989.com\/?p=1069","title":{"rendered":"Cae la denuncia contra Cristina Kirchner por supuestas irregularidades en la vacunaci\u00f3n contra el Covid-19"},"content":{"rendered":"\n<p>El juez federal con competencia electoral 1 de La Plata consider\u00f3 que hab\u00eda &#8220;inexistencia de delito&#8221; ante la acusaci\u00f3n de que la mandataria hubiera recibido una dosis de Sputnik alterando el orden del plan de vacunaci\u00f3n vigente.\u00a0<\/p>\n\n\n\n<figure class=\"wp-block-image size-full\"><img loading=\"lazy\" decoding=\"async\" width=\"610\" height=\"432\" src=\"https:\/\/lametro989.com\/wp-content\/uploads\/2023\/07\/imagen-129.png\" alt=\"\" class=\"wp-image-1070\" srcset=\"https:\/\/lametro989.com\/wp-content\/uploads\/2023\/07\/imagen-129.png 610w, https:\/\/lametro989.com\/wp-content\/uploads\/2023\/07\/imagen-129-300x212.png 300w\" sizes=\"auto, (max-width: 610px) 100vw, 610px\" \/><\/figure>\n\n\n\n<p>La Justicia federal de La Plata desestim\u00f3 por <strong>&#8220;inexistencia de delito&#8221; <\/strong>una denuncia penal contra la vicepresidenta <strong>Cristina Kirchner <\/strong>por supuestas irregularidades en la vacunaci\u00f3n durante la pandemia de <strong>Covid-19.<\/strong><\/p>\n\n\n\n<p>El juez federal con competencia electoral 1 de La Plata, Alejo Ramos Padilla, consider\u00f3 que hab\u00eda &#8220;inexistencia de delito&#8221; ante la acusaci\u00f3n de que la mandataria hubiera recibido una dosis de Sputnik V alterando el orden del plan de vacunaci\u00f3n vigente.<\/p>\n\n\n\n<p>En la denuncia inicial, que fue radicada ante el Juzgado Federal 5 de Capital Federal por los dirigentes opositores <strong>Yamil Dar\u00edo Santoro, Jos\u00e9 Lu\u00eds Pati\u00f1o y Rodrigo Forlenza<\/strong>, se la acusaba a Cristina Kirchner de <strong>&#8220;simular la calidad de leg\u00edtima destinataria de la vacuna de acuerdo con la pol\u00edtica sanitaria y los criterios sanitarios vigentes&#8221;<\/strong> en la Unidad de Pronta Atenci\u00f3n 2 (UPA 2) del Hospital Juan Domingo Per\u00f3n, del partido bonaerense de Avellaneda, donde la vicepresidenta se inmuniz\u00f3 el 24 de enero de 2021, seg\u00fan pudo recabar <em>T\u00e9lam.<\/em><\/p>\n\n\n\n<p><strong>Los denunciantes basaban sus sospechas en &#8220;informaci\u00f3n period\u00edstica&#8221;<\/strong> que aseguraba que la mandataria &#8220;podr\u00eda haber formado parte de un ardid en perjuicio de la Administraci\u00f3n y del patrimonio del Estado Nacional, en complicidad con funcionarios nacionales, provinciales y municipales, tendiente a obtener un beneficio sanitario (la vacuna) que no le correspond\u00eda &#8211; al menos en esa instancia -, en desmedro de terceros (personal de salud), a quienes s\u00ed estaba destinada&#8221;.<\/p>\n\n\n\n<p>Adem\u00e1s, argumentaban que ese supuesto &#8220;ardid&#8221; podr\u00eda haber consistido en simular la calidad de leg\u00edtima destinataria de la vacuna de acuerdo con la pol\u00edtica sanitaria y los criterios sanitarios vigentes.<\/p>\n\n\n\n<p>Seg\u00fan se plante\u00f3, los destinatarios a los que se refer\u00edan eran un grupo de 30 trabajadores del hospital a quienes se les hab\u00eda cancelado el turno para aplicarse la vacuna, entre el 11 y 22 de enero de 2021, alegando que se hab\u00edan acabado las dosis.<\/p>\n\n\n\n<p><strong>Ramos Padilla<\/strong> descart\u00f3 este supuesto delito por &#8220;la forma en la que se desarrollaron los acontecimientos&#8221;. En ese sentido se menciona que la Vicepresidenta y el entonces viceministro de Salud bonaerense, Nicol\u00e1s Kreplak, actual ministro, publicaron en sus respectivas cuentas de Twitter im\u00e1genes y videos de la vacunaci\u00f3n y destaca que <strong>&#8220;resultar\u00eda absurdo sostener que una persona que es p\u00fablicamente conocida y que adem\u00e1s exhibe en sus redes sociales el momento de su vacunaci\u00f3n llev\u00f3 a cabo un ardid o enga\u00f1o o simul\u00f3 una calidad o categor\u00eda particular para obtener acceso a dicha vacuna&#8221;.<\/strong><\/p>\n\n\n\n<p>&#8220;Debe descartarse la existencia de cualquier tipo de ardid, enga\u00f1o, calidad simulada o fraude a la administraci\u00f3n p\u00fablica en orden a la inoculaci\u00f3n denunciada, pues se trat\u00f3 de un acto llevado a cabo de manera p\u00fablica y se encontraba autorizado por la normativa vigente&#8221;, destaca la resoluci\u00f3n, y agrega que por lo tanto &#8220;no puede configurarse ning\u00fan delito vinculado con malversaciones de bienes p\u00fablicos&#8221;.<\/p>\n\n\n\n<p>Adem\u00e1s, el magistrado explic\u00f3 que al momento de los hechos denunciados estaba vigente el &#8220;Plan Estrat\u00e9gico para la Vacunaci\u00f3n contra la Covid-19&#8221; que hab\u00eda sido oficializado a trav\u00e9s de la resoluci\u00f3n 2883\/2020.<\/p>\n\n\n\n<p>En ese Plan se defini\u00f3 entre su &#8220;Poblaci\u00f3n Objetivo&#8221; el &#8220;Personal estrat\u00e9gico&#8221;, descripto como &#8220;toda persona que desarrolle funciones de gesti\u00f3n y\/o conducci\u00f3n y funciones estrat\u00e9gicas necesarias para adecuado funcionamiento del Estado, as\u00ed como las personas pertenecientes con riesgo de infecci\u00f3n o trasmisi\u00f3n&#8221;, incluyendo a los <strong>&#8220;funcionarios del Estado&#8221;<\/strong>. En este sentido, considera que hay <strong>&#8220;inexistencia del delito&#8221;<\/strong>, <strong>teniendo en cuenta que Cristina Kirchner se hallaba comprendida en esa categor\u00eda<\/strong><strong>.<\/strong><\/p>\n","protected":false},"excerpt":{"rendered":"<p>El juez federal con competencia electoral 1 de La Plata consider\u00f3 que hab\u00eda &#8220;inexistencia de delito&#8221; ante la acusaci\u00f3n de que la mandataria hubiera recibido&hellip; <\/p>\n","protected":false},"author":2,"featured_media":1070,"comment_status":"open","ping_status":"open","sticky":false,"template":"","format":"standard","meta":{"footnotes":""},"categories":[9,13],"tags":[],"class_list":["post-1069","post","type-post","status-publish","format-standard","has-post-thumbnail","hentry","category-destacadas","category-nacionales"],"_links":{"self":[{"href":"https:\/\/lametro989.com\/index.php?rest_route=\/wp\/v2\/posts\/1069","targetHints":{"allow":["GET"]}}],"collection":[{"href":"https:\/\/lametro989.com\/index.php?rest_route=\/wp\/v2\/posts"}],"about":[{"href":"https:\/\/lametro989.com\/index.php?rest_route=\/wp\/v2\/types\/post"}],"author":[{"embeddable":true,"href":"https:\/\/lametro989.com\/index.php?rest_route=\/wp\/v2\/users\/2"}],"replies":[{"embeddable":true,"href":"https:\/\/lametro989.com\/index.php?rest_route=%2Fwp%2Fv2%2Fcomments&post=1069"}],"version-history":[{"count":1,"href":"https:\/\/lametro989.com\/index.php?rest_route=\/wp\/v2\/posts\/1069\/revisions"}],"predecessor-version":[{"id":1071,"href":"https:\/\/lametro989.com\/index.php?rest_route=\/wp\/v2\/posts\/1069\/revisions\/1071"}],"wp:featuredmedia":[{"embeddable":true,"href":"https:\/\/lametro989.com\/index.php?rest_route=\/wp\/v2\/media\/1070"}],"wp:attachment":[{"href":"https:\/\/lametro989.com\/index.php?rest_route=%2Fwp%2Fv2%2Fmedia&parent=1069"}],"wp:term":[{"taxonomy":"category","embeddable":true,"href":"https:\/\/lametro989.com\/index.php?rest_route=%2Fwp%2Fv2%2Fcategories&post=1069"},{"taxonomy":"post_tag","embeddable":true,"href":"https:\/\/lametro989.com\/index.php?rest_route=%2Fwp%2Fv2%2Ftags&post=1069"}],"curies":[{"name":"wp","href":"https:\/\/api.w.org\/{rel}","templated":true}]}}