{"id":1075,"date":"2023-07-11T23:30:29","date_gmt":"2023-07-12T02:30:29","guid":{"rendered":"https:\/\/lametro989.com\/?p=1075"},"modified":"2023-07-11T23:30:29","modified_gmt":"2023-07-12T02:30:29","slug":"jorge-ameal-presidente-de-boca-juniors-fue-condenado-por-discriminacion","status":"publish","type":"post","link":"https:\/\/lametro989.com\/?p=1075","title":{"rendered":"Jorge Ameal, presidente de Boca Juniors, fue condenado por discriminaci\u00f3n"},"content":{"rendered":"\n<p>Nuevo conflicto en puerta para Boca: <strong>el presidente Jorge Amor Ameal fue condenado por el Tribunal Superior de Justicia de la Ciudad de Buenos Aires por &#8220;discriminar a 110 socios en funci\u00f3n de sus ideas pol\u00edticas e impedirles el ingreso a la Bombonera&#8221;.<\/strong><\/p>\n\n\n\n<figure class=\"wp-block-image size-large\"><img loading=\"lazy\" decoding=\"async\" width=\"1024\" height=\"667\" src=\"https:\/\/lametro989.com\/wp-content\/uploads\/2023\/07\/imagen-131-1024x667.png\" alt=\"\" class=\"wp-image-1076\" srcset=\"https:\/\/lametro989.com\/wp-content\/uploads\/2023\/07\/imagen-131-1024x667.png 1024w, https:\/\/lametro989.com\/wp-content\/uploads\/2023\/07\/imagen-131-300x196.png 300w, https:\/\/lametro989.com\/wp-content\/uploads\/2023\/07\/imagen-131-768x501.png 768w, https:\/\/lametro989.com\/wp-content\/uploads\/2023\/07\/imagen-131.png 1140w\" sizes=\"auto, (max-width: 1024px) 100vw, 1024px\" \/><\/figure>\n\n\n\n<p>Luego de asumir como principal dirigente del club en las elecciones de diciembre de 2019, <strong>Ameal le quit\u00f3 los abonos a varios asociados<\/strong>, muchos de ellos integrantes de la Agrupaci\u00f3n Juntos por Vos, que nucleaba la lista oficialista en ese entonces con el candidato de <strong>Daniel Angelici<\/strong>,<strong> Christian Gribaudo<\/strong>, a la cabeza. Incluidos en esta decisi\u00f3n el propio Gribaudo y quien fuera presidente entre 2011 y 2019.<\/p>\n\n\n\n<figure class=\"wp-block-image\"><img decoding=\"async\" src=\"https:\/\/media.diariopopular.com.ar\/p\/712966d46179e3b62cbe0886c246a438\/adjuntos\/143\/imagenes\/008\/096\/0008096985\/1140x0\/smart\/gribaudo-angelici-bocawebp.png\" alt=\"\" title=\"\"\/><\/figure>\n\n\n\n<p><strong>La quita de abonos fue por considerar que se hab\u00edan adquirido de forma ilegal e ileg\u00edtima<\/strong>, pero los afectados esgrimieron que hab\u00edan sido pagados en tiempo y forma. En primera instancia el fallo fue negativo para Ameal, quien inici\u00f3 un proceso de apelaciones primero ante la C\u00e1mara y luego ante el TSJ. Sin embargo, <strong>este martes el Tribunal Superior de Justicia de la Ciudad de Buenos Aires ratific\u00f3 la condena<\/strong>. <\/p>\n\n\n\n<p>&#8220;El Sr. Ameal, en car\u00e1cter de presidente del Club Atl\u00e9tico Boca Juniors, incurri\u00f3 en un accionar discriminatorio al revocar los abonos que socios compradores hab\u00edan adquirido l\u00edcitamente, abonando el precio correspondiente\u201d, dice el fallo original ratificado por el TSJ. Como consecuencia, <strong>Jorge Amor Ameal deber\u00e1 pagar una multa de $116.740, y el club est\u00e1 obligado a restituirles aquellas ubicaciones a sus &#8220;leg\u00edtimos adquirentes&#8221;.<\/strong><\/p>\n\n\n\n<p>Pero no solo eso, <strong>varios de los socios afectados, entre ellos el propio Daniel Angelici, encabezar\u00e1n un juicio civil contra el presidente de Boca por los da\u00f1os y perjuicios ocasionados. <\/strong>La demanda ser\u00e1 contra la figura individual de Ameal, y no contra el club de la Ribera, y de acuerdo al resultado del fallo -si es que se concreta la denuncia-, la condena podr\u00eda efectuarse con una indemnizaci\u00f3n.<\/p>\n\n\n\n<h2 class=\"wp-block-heading\">Boca intim\u00f3 a Sebasti\u00e1n Villa<\/h2>\n\n\n\n<p>Luego de que el futbolista colombiano, quien tras ser condenado por violencia de g\u00e9nero fue separado del plantel profesional y se march\u00f3 a Colombia, le env\u00ede una carta documento al club exigiendo que lo reintegren a los entrenamientos, el <em>Xeneize<\/em>, que esgrimi\u00f3 que el viaje a su pa\u00eds fue una decisi\u00f3n unilateral del propio Villa, fue a la Justicia y respondi\u00f3 con una intimaci\u00f3n.<\/p>\n\n\n\n<figure class=\"wp-block-image\"><img decoding=\"async\" src=\"https:\/\/media.diariopopular.com.ar\/p\/d332ab342762fed443c00ebe462b7c92\/adjuntos\/143\/imagenes\/008\/088\/0008088959\/1140x0\/smart\/sebastian-villa-boca-juniors-libertadoresjpg.jpg\" alt=\"\" title=\"\"\/><\/figure>\n\n\n\n<p>As\u00ed, <strong>el jugador cafetero deber\u00e1 regresar a Argentina en los pr\u00f3ximos d\u00edas y sumarse a los entrenamientos<\/strong>, aunque en Boca sigue firme por ahora la decisi\u00f3n de que no juegue hasta que haya una resoluci\u00f3n definitiva del Tribunal. La idea de la dirigencia Xeneize es vender a Villa, pero todav\u00eda no llegaron ofertas por \u00e9l.<\/p>\n","protected":false},"excerpt":{"rendered":"<p>Nuevo conflicto en puerta para Boca: el presidente Jorge Amor Ameal fue condenado por el Tribunal Superior de Justicia de la Ciudad de Buenos Aires&hellip; <\/p>\n","protected":false},"author":2,"featured_media":1076,"comment_status":"open","ping_status":"open","sticky":false,"template":"","format":"standard","meta":{"footnotes":""},"categories":[10],"tags":[],"class_list":["post-1075","post","type-post","status-publish","format-standard","has-post-thumbnail","hentry","category-deportes"],"_links":{"self":[{"href":"https:\/\/lametro989.com\/index.php?rest_route=\/wp\/v2\/posts\/1075","targetHints":{"allow":["GET"]}}],"collection":[{"href":"https:\/\/lametro989.com\/index.php?rest_route=\/wp\/v2\/posts"}],"about":[{"href":"https:\/\/lametro989.com\/index.php?rest_route=\/wp\/v2\/types\/post"}],"author":[{"embeddable":true,"href":"https:\/\/lametro989.com\/index.php?rest_route=\/wp\/v2\/users\/2"}],"replies":[{"embeddable":true,"href":"https:\/\/lametro989.com\/index.php?rest_route=%2Fwp%2Fv2%2Fcomments&post=1075"}],"version-history":[{"count":1,"href":"https:\/\/lametro989.com\/index.php?rest_route=\/wp\/v2\/posts\/1075\/revisions"}],"predecessor-version":[{"id":1077,"href":"https:\/\/lametro989.com\/index.php?rest_route=\/wp\/v2\/posts\/1075\/revisions\/1077"}],"wp:featuredmedia":[{"embeddable":true,"href":"https:\/\/lametro989.com\/index.php?rest_route=\/wp\/v2\/media\/1076"}],"wp:attachment":[{"href":"https:\/\/lametro989.com\/index.php?rest_route=%2Fwp%2Fv2%2Fmedia&parent=1075"}],"wp:term":[{"taxonomy":"category","embeddable":true,"href":"https:\/\/lametro989.com\/index.php?rest_route=%2Fwp%2Fv2%2Fcategories&post=1075"},{"taxonomy":"post_tag","embeddable":true,"href":"https:\/\/lametro989.com\/index.php?rest_route=%2Fwp%2Fv2%2Ftags&post=1075"}],"curies":[{"name":"wp","href":"https:\/\/api.w.org\/{rel}","templated":true}]}}