{"id":1079,"date":"2023-07-12T21:47:35","date_gmt":"2023-07-13T00:47:35","guid":{"rendered":"https:\/\/lametro989.com\/?p=1079"},"modified":"2023-07-12T21:47:35","modified_gmt":"2023-07-13T00:47:35","slug":"la-psicologa-declaro-y-certifico-violencia-de-cesar-hacia-cecilia-previa-al-femicidio","status":"publish","type":"post","link":"https:\/\/lametro989.com\/?p=1079","title":{"rendered":"La psic\u00f3loga declar\u00f3 y certific\u00f3 violencia de C\u00e9sar hacia Cecilia previa al femicidio"},"content":{"rendered":"\n<p>La investigaci\u00f3n por el presunto femicidio de Cecilia Strzyzowski avanza a paso firme, con pruebas cada vez m\u00e1s contundentes contra C\u00e9sar Sena, el principal sospechoso.<\/p>\n\n\n\n<figure class=\"wp-block-image size-full\"><img loading=\"lazy\" decoding=\"async\" width=\"696\" height=\"405\" src=\"https:\/\/lametro989.com\/wp-content\/uploads\/2023\/07\/imagen-132.png\" alt=\"\" class=\"wp-image-1080\" srcset=\"https:\/\/lametro989.com\/wp-content\/uploads\/2023\/07\/imagen-132.png 696w, https:\/\/lametro989.com\/wp-content\/uploads\/2023\/07\/imagen-132-300x175.png 300w\" sizes=\"auto, (max-width: 696px) 100vw, 696px\" \/><\/figure>\n\n\n\n<p>En este sentido, trascendi\u00f3 que la psic\u00f3loga de la joven cont\u00f3 ante los fiscales que C\u00e9sar fue violento con la mujer de 28 a\u00f1os en otras situaciones previas a su desaparici\u00f3n. Esto surgi\u00f3 en una de las primeras sesiones que mantuvieron, en la que Strzyzowski dio detalles del v\u00ednculo con su pareja.<\/p>\n\n\n\n<p>La psic\u00f3loga declar\u00f3 este mi\u00e9rcoles en la fiscal\u00eda y dijo que tuvo siete encuentros con Cecilia que comenzaron en febrero.<\/p>\n\n\n\n<p>Seg\u00fan refiri\u00f3, en la primera sesi\u00f3n habl\u00f3 del conflicto que ten\u00eda con C\u00e9sar, a ra\u00edz de que no era querida por la madre y el padre de su pareja, es decir, Marcela Acu\u00f1a y Emerenciano Sena.<\/p>\n\n\n\n<p><\/p>\n\n\n\n<p>En una de las sesiones, Cecilia le cont\u00f3 a la psic\u00f3loga que hab\u00eda sido agredida f\u00edsicamente. Esta versi\u00f3n fue revelada tambi\u00e9n por un amigo suyo que declar\u00f3 con identidad protegida y est\u00e1 mencionado como \u201cCiervo\u201d en la causa.<\/p>\n\n\n\n<p>El hombre dijo que el 3 de mayo, un mes antes de ser asesinada, ella fue v\u00edctima de un ataque por parte de C\u00e9sar Sena luego de una discusi\u00f3n que hab\u00edan protagonizado arriba de la camioneta Toyota Hilux.<\/p>\n\n\n\n<p>Por \u00faltimo, la terapeuta cont\u00f3 que la joven de 28 a\u00f1os hab\u00eda pactado con ella una sesi\u00f3n para los primeros d\u00edas de junio, pero el 2 de ese mes se presume que Cecilia fue asesinada.<\/p>\n","protected":false},"excerpt":{"rendered":"<p>La investigaci\u00f3n por el presunto femicidio de Cecilia Strzyzowski avanza a paso firme, con pruebas cada vez m\u00e1s contundentes contra C\u00e9sar Sena, el principal sospechoso.&hellip; <\/p>\n","protected":false},"author":2,"featured_media":1080,"comment_status":"open","ping_status":"open","sticky":false,"template":"","format":"standard","meta":{"footnotes":""},"categories":[9,2],"tags":[],"class_list":["post-1079","post","type-post","status-publish","format-standard","has-post-thumbnail","hentry","category-destacadas","category-provinciales"],"_links":{"self":[{"href":"https:\/\/lametro989.com\/index.php?rest_route=\/wp\/v2\/posts\/1079","targetHints":{"allow":["GET"]}}],"collection":[{"href":"https:\/\/lametro989.com\/index.php?rest_route=\/wp\/v2\/posts"}],"about":[{"href":"https:\/\/lametro989.com\/index.php?rest_route=\/wp\/v2\/types\/post"}],"author":[{"embeddable":true,"href":"https:\/\/lametro989.com\/index.php?rest_route=\/wp\/v2\/users\/2"}],"replies":[{"embeddable":true,"href":"https:\/\/lametro989.com\/index.php?rest_route=%2Fwp%2Fv2%2Fcomments&post=1079"}],"version-history":[{"count":1,"href":"https:\/\/lametro989.com\/index.php?rest_route=\/wp\/v2\/posts\/1079\/revisions"}],"predecessor-version":[{"id":1081,"href":"https:\/\/lametro989.com\/index.php?rest_route=\/wp\/v2\/posts\/1079\/revisions\/1081"}],"wp:featuredmedia":[{"embeddable":true,"href":"https:\/\/lametro989.com\/index.php?rest_route=\/wp\/v2\/media\/1080"}],"wp:attachment":[{"href":"https:\/\/lametro989.com\/index.php?rest_route=%2Fwp%2Fv2%2Fmedia&parent=1079"}],"wp:term":[{"taxonomy":"category","embeddable":true,"href":"https:\/\/lametro989.com\/index.php?rest_route=%2Fwp%2Fv2%2Fcategories&post=1079"},{"taxonomy":"post_tag","embeddable":true,"href":"https:\/\/lametro989.com\/index.php?rest_route=%2Fwp%2Fv2%2Ftags&post=1079"}],"curies":[{"name":"wp","href":"https:\/\/api.w.org\/{rel}","templated":true}]}}