{"id":1082,"date":"2023-07-12T21:59:18","date_gmt":"2023-07-13T00:59:18","guid":{"rendered":"https:\/\/lametro989.com\/?p=1082"},"modified":"2023-07-12T21:59:18","modified_gmt":"2023-07-13T00:59:18","slug":"un-documental-rinde-homenaje-a-los-heroes-de-malvinas-de-san-bernardo","status":"publish","type":"post","link":"https:\/\/lametro989.com\/?p=1082","title":{"rendered":"Un documental rinde homenaje a los h\u00e9roes de Malvinas de San Bernardo"},"content":{"rendered":"\n<p>\u201cAlgod\u00f3n, Fuego y Nieve: La guerra desde el coraz\u00f3n de un pueblo\u201d, fue realizado por j\u00f3venes profesionales locales y cuenta, en primera persona, las vivencias de doce veteranos de guerra.<\/p>\n\n\n\n<figure class=\"wp-block-image size-full\"><img loading=\"lazy\" decoding=\"async\" width=\"1024\" height=\"768\" src=\"https:\/\/lametro989.com\/wp-content\/uploads\/2023\/07\/imagen-133.png\" alt=\"\" class=\"wp-image-1083\" srcset=\"https:\/\/lametro989.com\/wp-content\/uploads\/2023\/07\/imagen-133.png 1024w, https:\/\/lametro989.com\/wp-content\/uploads\/2023\/07\/imagen-133-300x225.png 300w, https:\/\/lametro989.com\/wp-content\/uploads\/2023\/07\/imagen-133-768x576.png 768w\" sizes=\"auto, (max-width: 1024px) 100vw, 1024px\" \/><\/figure>\n\n\n\n<p>El Departamento de Cine, Audiovisuales y Artes Digitales (DECAAD) del Instituto de Cultura del Chaco acompa\u00f1a la difusi\u00f3n del documental <em>\u201c<strong>Algod\u00f3n, Fuego y Nieve: La guerra desde el coraz\u00f3n de un pueblo\u201d<\/strong><\/em>, que narra las historias de los veteranos de Malvinas de San Bernardo. La producci\u00f3n audiovisual fue impulsada y auspiciada por el municipio de dicha localidad.<\/p>\n\n\n\n<p>La obra pone en valor las voces de los protagonistas del conflicto b\u00e9lico, que cuentan sus experiencias antes, durante y despu\u00e9s de la guerra. \u201cEl objetivo es preservar y poner en valor sus testimonios, como parte de la memoria colectiva de un pueblo\u201d, expres\u00f3 la responsable del \u00e1rea de Cultura de la intendencia, Laura Faruelo.<\/p>\n\n\n\n<p>La filmaci\u00f3n se concret\u00f3 en el teatro La Estigia, que cedi\u00f3 sus instalaciones para el rodaje. El material se encuentra disponible en Youtube, por lo que se lo puede visualizar de manera gratuita en el siguiente enlace <a href=\"https:\/\/www.youtube.com\/watch?v=sGUzUF2jmsM\">https:\/\/www.youtube.com\/watch?v=sGUzUF2jmsM<\/a><\/p>\n\n\n\n<p>El documental fue realizado por j\u00f3venes profesionales locales. La producci\u00f3n general estuvo a cargo de Daiana Landriel, la conducci\u00f3n general y relaciones p\u00fablicas fue responsabilidad de Sergio Alejandro Kobluk, la direcci\u00f3n y edici\u00f3n fue de Mat\u00edas Castro, de la preproducci\u00f3n y edici\u00f3n se encarg\u00f3 Emmanuel Nu\u00f1ez Bord\u00f3n, la c\u00e1mara, edici\u00f3n y musicalizaci\u00f3n estuvo a cargo de Click Producciones, con la coordinaci\u00f3n general de Faruelo.<\/p>\n\n\n\n<h3 class=\"wp-block-heading\">Origen del documental<\/h3>\n\n\n\n<figure class=\"wp-block-image\"><img decoding=\"async\" src=\"https:\/\/agenciafoco.com.ar\/media\/cache\/quality\/uploads\/noticias\/64af05a50f407574538450.jpeg\" alt=\"\"\/><\/figure>\n\n\n\n<p>El proyecto <em>\u201cAlgod\u00f3n, Fuego y Nieve. La guerra desde el coraz\u00f3n de un pueblo\u201d<\/em>, inicialmente fue concebido como un libro, bajo el mismo nombre. \u201cDurante la gesti\u00f3n del intendente Miguel Sotelo, desde el \u00e1rea de Cultura, se viene editando un libro por a\u00f1o centrado en distintos aspectos de la historia de la localidad. La finalidad es registrar muchos de estos relatos para que no se pierdan, pues las y los protagonistas suelen ser personas mayores, y queremos que queden preservados los testimonios\u201d, explic\u00f3 Faruelo<\/p>\n\n\n\n<p>En esta ocasi\u00f3n, teniendo en cuenta la tem\u00e1tica, de forma simult\u00e1nea se arm\u00f3 asimismo un documental. La producci\u00f3n, liberada a trav\u00e9s de la plataforma de Youtube, se encuentra disponible para su visualizaci\u00f3n gratuita y puede ser empleada como material en las instituciones escolares.<\/p>\n\n\n\n<p>La obra f\u00edlmica re\u00fane las vivencias de doce veteranos, recordando su infancia, la experiencia del servicio militar obligatorio, como los encontr\u00f3 el desencadenamiento del conflicto, como vivieron la rendici\u00f3n, el pacto de silencio al que los obligaron, y como fue el regreso, con las secuelas dejadas por la guerra. El libro, que tambi\u00e9n se encuentra ya disponible, compila m\u00e1s relatos, incorporando los testimonios de familiares de ca\u00eddos que no desearon participar en el documental, pero s\u00ed transmitir sus historias.<\/p>\n\n\n\n<p><em>\u201cAlgod\u00f3n, Fuego y Nieve. La guerra desde el coraz\u00f3n de un pueblo\u201d <\/em>se estren\u00f3 p\u00fablicamente este a\u00f1o en San Bernardo, en la tradicional vigilia por Malvinas. Y el libro se present\u00f3 este 15 de junio, en el marco de la 4\u00b0 Feria del Libro de San Bernardo.<\/p>\n","protected":false},"excerpt":{"rendered":"<p>\u201cAlgod\u00f3n, Fuego y Nieve: La guerra desde el coraz\u00f3n de un pueblo\u201d, fue realizado por j\u00f3venes profesionales locales y cuenta, en primera persona, las vivencias&hellip; <\/p>\n","protected":false},"author":2,"featured_media":1083,"comment_status":"open","ping_status":"open","sticky":false,"template":"","format":"standard","meta":{"footnotes":""},"categories":[9,2],"tags":[],"class_list":["post-1082","post","type-post","status-publish","format-standard","has-post-thumbnail","hentry","category-destacadas","category-provinciales"],"_links":{"self":[{"href":"https:\/\/lametro989.com\/index.php?rest_route=\/wp\/v2\/posts\/1082","targetHints":{"allow":["GET"]}}],"collection":[{"href":"https:\/\/lametro989.com\/index.php?rest_route=\/wp\/v2\/posts"}],"about":[{"href":"https:\/\/lametro989.com\/index.php?rest_route=\/wp\/v2\/types\/post"}],"author":[{"embeddable":true,"href":"https:\/\/lametro989.com\/index.php?rest_route=\/wp\/v2\/users\/2"}],"replies":[{"embeddable":true,"href":"https:\/\/lametro989.com\/index.php?rest_route=%2Fwp%2Fv2%2Fcomments&post=1082"}],"version-history":[{"count":1,"href":"https:\/\/lametro989.com\/index.php?rest_route=\/wp\/v2\/posts\/1082\/revisions"}],"predecessor-version":[{"id":1084,"href":"https:\/\/lametro989.com\/index.php?rest_route=\/wp\/v2\/posts\/1082\/revisions\/1084"}],"wp:featuredmedia":[{"embeddable":true,"href":"https:\/\/lametro989.com\/index.php?rest_route=\/wp\/v2\/media\/1083"}],"wp:attachment":[{"href":"https:\/\/lametro989.com\/index.php?rest_route=%2Fwp%2Fv2%2Fmedia&parent=1082"}],"wp:term":[{"taxonomy":"category","embeddable":true,"href":"https:\/\/lametro989.com\/index.php?rest_route=%2Fwp%2Fv2%2Fcategories&post=1082"},{"taxonomy":"post_tag","embeddable":true,"href":"https:\/\/lametro989.com\/index.php?rest_route=%2Fwp%2Fv2%2Ftags&post=1082"}],"curies":[{"name":"wp","href":"https:\/\/api.w.org\/{rel}","templated":true}]}}