{"id":1085,"date":"2023-07-12T22:02:01","date_gmt":"2023-07-13T01:02:01","guid":{"rendered":"https:\/\/lametro989.com\/?p=1085"},"modified":"2023-07-12T22:02:01","modified_gmt":"2023-07-13T01:02:01","slug":"alperovich-sera-juzgado-en-febrero-por-presunto-abuso-sexual-a-una-colaboradora","status":"publish","type":"post","link":"https:\/\/lametro989.com\/?p=1085","title":{"rendered":"Alperovich ser\u00e1 juzgado en febrero por presunto abuso sexual a una colaboradora"},"content":{"rendered":"\n<p>El exgobernador de Tucum\u00e1n deber\u00e1 responder por tres casos de abuso sexual, dos de ellos en grado de tentativa, y seis casos de violencia sexual agravada por acceso carnal.\u00a0<\/p>\n\n\n\n<figure class=\"wp-block-image size-large\"><img loading=\"lazy\" decoding=\"async\" width=\"1024\" height=\"596\" src=\"https:\/\/lametro989.com\/wp-content\/uploads\/2023\/07\/imagen-134-1024x596.png\" alt=\"\" class=\"wp-image-1086\" srcset=\"https:\/\/lametro989.com\/wp-content\/uploads\/2023\/07\/imagen-134-1024x596.png 1024w, https:\/\/lametro989.com\/wp-content\/uploads\/2023\/07\/imagen-134-300x175.png 300w, https:\/\/lametro989.com\/wp-content\/uploads\/2023\/07\/imagen-134-768x447.png 768w, https:\/\/lametro989.com\/wp-content\/uploads\/2023\/07\/imagen-134.png 1423w\" sizes=\"auto, (max-width: 1024px) 100vw, 1024px\" \/><\/figure>\n\n\n\n<p>El juicio oral contra el exgobernador de Tucum\u00e1n Jos\u00e9 Alperovich por presunto abuso y violencia sexual contra una sobrina y colaboradora comenzar\u00e1 el 5 de febrero pr\u00f3ximo, seg\u00fan defini\u00f3 hoy el tribunal criminal a cargo.&nbsp;Alperovich deber\u00e1 responder por tres casos de abuso sexual, dos de ellos en grado de tentativa, y seis casos de violencia sexual agravada por acceso carnal, de acuerdo a lo establecido por la investigaci\u00f3n judicial.<\/p>\n\n\n\n<p>El expediente se inici\u00f3 cuando Mar\u00eda Florencia Le\u00f3n denunci\u00f3 los hechos a fines de 2019, mientras se desempe\u00f1aba como asistente del senador.&nbsp;La joven indic\u00f3 que los abusos y ataques se produjeron en Tucum\u00e1n y en un departamento de la zona porte\u00f1a de Puerto Madero.&nbsp;<\/p>\n\n\n\n<p><em>Fuente: T\u00e9lam<\/em><\/p>\n","protected":false},"excerpt":{"rendered":"<p>El exgobernador de Tucum\u00e1n deber\u00e1 responder por tres casos de abuso sexual, dos de ellos en grado de tentativa, y seis casos de violencia sexual&hellip; <\/p>\n","protected":false},"author":2,"featured_media":1086,"comment_status":"open","ping_status":"open","sticky":false,"template":"","format":"standard","meta":{"footnotes":""},"categories":[5],"tags":[],"class_list":["post-1085","post","type-post","status-publish","format-standard","has-post-thumbnail","hentry","category-politica"],"_links":{"self":[{"href":"https:\/\/lametro989.com\/index.php?rest_route=\/wp\/v2\/posts\/1085","targetHints":{"allow":["GET"]}}],"collection":[{"href":"https:\/\/lametro989.com\/index.php?rest_route=\/wp\/v2\/posts"}],"about":[{"href":"https:\/\/lametro989.com\/index.php?rest_route=\/wp\/v2\/types\/post"}],"author":[{"embeddable":true,"href":"https:\/\/lametro989.com\/index.php?rest_route=\/wp\/v2\/users\/2"}],"replies":[{"embeddable":true,"href":"https:\/\/lametro989.com\/index.php?rest_route=%2Fwp%2Fv2%2Fcomments&post=1085"}],"version-history":[{"count":1,"href":"https:\/\/lametro989.com\/index.php?rest_route=\/wp\/v2\/posts\/1085\/revisions"}],"predecessor-version":[{"id":1087,"href":"https:\/\/lametro989.com\/index.php?rest_route=\/wp\/v2\/posts\/1085\/revisions\/1087"}],"wp:featuredmedia":[{"embeddable":true,"href":"https:\/\/lametro989.com\/index.php?rest_route=\/wp\/v2\/media\/1086"}],"wp:attachment":[{"href":"https:\/\/lametro989.com\/index.php?rest_route=%2Fwp%2Fv2%2Fmedia&parent=1085"}],"wp:term":[{"taxonomy":"category","embeddable":true,"href":"https:\/\/lametro989.com\/index.php?rest_route=%2Fwp%2Fv2%2Fcategories&post=1085"},{"taxonomy":"post_tag","embeddable":true,"href":"https:\/\/lametro989.com\/index.php?rest_route=%2Fwp%2Fv2%2Ftags&post=1085"}],"curies":[{"name":"wp","href":"https:\/\/api.w.org\/{rel}","templated":true}]}}