{"id":1088,"date":"2023-07-12T22:07:19","date_gmt":"2023-07-13T01:07:19","guid":{"rendered":"https:\/\/lametro989.com\/?p=1088"},"modified":"2023-07-12T22:07:19","modified_gmt":"2023-07-13T01:07:19","slug":"la-policia-del-chaco-busca-a-yamila-mancilla","status":"publish","type":"post","link":"https:\/\/lametro989.com\/?p=1088","title":{"rendered":"La Polic\u00eda del Chaco busca a Yamila Mancilla"},"content":{"rendered":"\n<p>Se la vio por \u00faltima vez en la terminal de S\u00e1enz Pe\u00f1a, el 10 de julio. Cualquier informaci\u00f3n, piden comunicarse al 3624 222322 o al Servicio de Emergencias 911.<\/p>\n\n\n\n<figure class=\"wp-block-image size-full\"><img loading=\"lazy\" decoding=\"async\" width=\"641\" height=\"765\" src=\"https:\/\/lametro989.com\/wp-content\/uploads\/2023\/07\/imagen-135.png\" alt=\"\" class=\"wp-image-1089\" srcset=\"https:\/\/lametro989.com\/wp-content\/uploads\/2023\/07\/imagen-135.png 641w, https:\/\/lametro989.com\/wp-content\/uploads\/2023\/07\/imagen-135-251x300.png 251w\" sizes=\"auto, (max-width: 641px) 100vw, 641px\" \/><\/figure>\n\n\n\n<p>La Polic\u00eda del Chaco, en base a una denuncia registrada en Divisi\u00f3n Familiar y De Genero Charata, solicita a la comunidad su valiosa colaboraci\u00f3n de informar a la unidad policial m\u00e1s cercana cualquier informaci\u00f3n relacionada al paradero de <strong>Yamila Paola Mancilla de 25 a\u00f1os, de 1,65 metros de altura, de contextura f\u00edsica delgada, tez morocha, cabello lacio negro y ojos color negros.<\/strong><\/p>\n\n\n\n<p>Al momento de su desaparici\u00f3n vest\u00eda una campera buzo a rayas de color rosa, gris y blanco, calza negra, remera gris y zapatillas negras Se la vio por \u00faltima vez en la terminal de S\u00e1enz Pe\u00f1a, el 10 de julio.<\/p>\n\n\n\n<p><em>Cualquier novedad sobre su persona, por favor acercarse a la unidad m\u00e1s pr\u00f3xima a su domicilio, o bien comunicarse a Divisi\u00f3n Familiar y de G\u00e9nero Charata al 3624 222322 o al servicio de emergencias 911.<\/em><\/p>\n\n\n\n<figure class=\"wp-block-image\"><img decoding=\"async\" src=\"https:\/\/agenciafoco.com.ar\/media\/cache\/quality\/uploads\/noticias\/64af121278681063593441.jpeg\" alt=\"\"\/><\/figure>\n","protected":false},"excerpt":{"rendered":"<p>Se la vio por \u00faltima vez en la terminal de S\u00e1enz Pe\u00f1a, el 10 de julio. Cualquier informaci\u00f3n, piden comunicarse al 3624 222322 o al&hellip; <\/p>\n","protected":false},"author":2,"featured_media":1089,"comment_status":"open","ping_status":"open","sticky":false,"template":"","format":"standard","meta":{"footnotes":""},"categories":[2],"tags":[],"class_list":["post-1088","post","type-post","status-publish","format-standard","has-post-thumbnail","hentry","category-provinciales"],"_links":{"self":[{"href":"https:\/\/lametro989.com\/index.php?rest_route=\/wp\/v2\/posts\/1088","targetHints":{"allow":["GET"]}}],"collection":[{"href":"https:\/\/lametro989.com\/index.php?rest_route=\/wp\/v2\/posts"}],"about":[{"href":"https:\/\/lametro989.com\/index.php?rest_route=\/wp\/v2\/types\/post"}],"author":[{"embeddable":true,"href":"https:\/\/lametro989.com\/index.php?rest_route=\/wp\/v2\/users\/2"}],"replies":[{"embeddable":true,"href":"https:\/\/lametro989.com\/index.php?rest_route=%2Fwp%2Fv2%2Fcomments&post=1088"}],"version-history":[{"count":1,"href":"https:\/\/lametro989.com\/index.php?rest_route=\/wp\/v2\/posts\/1088\/revisions"}],"predecessor-version":[{"id":1091,"href":"https:\/\/lametro989.com\/index.php?rest_route=\/wp\/v2\/posts\/1088\/revisions\/1091"}],"wp:featuredmedia":[{"embeddable":true,"href":"https:\/\/lametro989.com\/index.php?rest_route=\/wp\/v2\/media\/1089"}],"wp:attachment":[{"href":"https:\/\/lametro989.com\/index.php?rest_route=%2Fwp%2Fv2%2Fmedia&parent=1088"}],"wp:term":[{"taxonomy":"category","embeddable":true,"href":"https:\/\/lametro989.com\/index.php?rest_route=%2Fwp%2Fv2%2Fcategories&post=1088"},{"taxonomy":"post_tag","embeddable":true,"href":"https:\/\/lametro989.com\/index.php?rest_route=%2Fwp%2Fv2%2Ftags&post=1088"}],"curies":[{"name":"wp","href":"https:\/\/api.w.org\/{rel}","templated":true}]}}