{"id":1092,"date":"2023-07-12T22:11:41","date_gmt":"2023-07-13T01:11:41","guid":{"rendered":"https:\/\/lametro989.com\/?p=1092"},"modified":"2023-07-12T22:11:41","modified_gmt":"2023-07-13T01:11:41","slug":"junto-a-actores-agroindustriales-el-gobierno-abordo-politicas-para-apuntalar-el-desarrollo","status":"publish","type":"post","link":"https:\/\/lametro989.com\/?p=1092","title":{"rendered":"Junto a actores agroindustriales, el gobierno abord\u00f3 pol\u00edticas para apuntalar el desarrollo"},"content":{"rendered":"\n<p>El gobernador y los ministros Lifton y P\u00e9rez Pons, junto a referentes del sector agroindustrial, abordaron cuestiones ligadas al financiamiento, la infraestructura y el valor agregado de cadenas productivas agr\u00edcolas, forestales y ganaderas. Adem\u00e1s, explicaron el avance en la conformaci\u00f3n del Comit\u00e9 Interjurisdiccional de Bajos Submeridionales entre Santiago del Estero, Chaco y Santa Fe.<\/p>\n\n\n\n<figure class=\"wp-block-image size-full\"><img loading=\"lazy\" decoding=\"async\" width=\"1024\" height=\"683\" src=\"https:\/\/lametro989.com\/wp-content\/uploads\/2023\/07\/imagen-137.png\" alt=\"\" class=\"wp-image-1093\" srcset=\"https:\/\/lametro989.com\/wp-content\/uploads\/2023\/07\/imagen-137.png 1024w, https:\/\/lametro989.com\/wp-content\/uploads\/2023\/07\/imagen-137-300x200.png 300w, https:\/\/lametro989.com\/wp-content\/uploads\/2023\/07\/imagen-137-768x512.png 768w\" sizes=\"auto, (max-width: 1024px) 100vw, 1024px\" \/><\/figure>\n\n\n\n<p>En el marco de la agenda de trabajo desarrollada en Presidencia Roque S\u00e1enz Pe\u00f1a, el gobernador Jorge Capitanich, el ministro de Producci\u00f3n, Industria y Empleo Sebasti\u00e1n Lifton y el ministro de Planificaci\u00f3n, Econom\u00eda e Infraestructura, Santiago P\u00e9rez Pons, se reunieron con integrantes del grupo Agroperfiles, conformado por ingenieros del INTA, productores agr\u00edcolas, forestales y ganaderos, y t\u00e9cnicos que trabajan asistiendo a diferentes empresas agropecuarias junto a quienes analizaron avances y expectativas del desarrollo productivo de la Provincia.<\/p>\n\n\n\n<p>\u201cAbordamos temas cruciales para el sector productivo y analizamos las oportunidades que se presentan a corto plazo, la implementaci\u00f3n de nuevas tecnolog\u00edas que mejorar\u00e1n la eficiencia y la productividad, el fortalecimiento de nuevas cadenas de valor y el desarrollo de los parques industriales en cada regi\u00f3n del Chaco\u201d, explic\u00f3 Capitanich en sus redes sociales.<\/p>\n\n\n\n<p>Adem\u00e1s de financiamiento, infraestructura y valor agregado en las cadenas productivas, el gobernador y Lifton se refirieron al trabajo conjunto con otras provincias, y la necesidad de mejorar el manejo de cuencas y el escurrimiento del agua, reparando en los avances de la conformaci\u00f3n del Comit\u00e9 Interjurisdiccional de Bajos Submeridionales entre Santiago del Estero, Chaco y Santa Fe.<\/p>\n\n\n\n<p>En ese sentido, el mandatario resalt\u00f3 que \u201cel agro es uno de los pilares fundamentales de nuestra econom\u00eda y sabemos que su desarrollo es esencial para el progreso de la provincia. Trabajamos con nuestros productores, brind\u00e1ndoles el apoyo necesario para que puedan crecer y prosperar en un entorno competitivo y en constante evoluci\u00f3n\u201d, finaliz\u00f3.<\/p>\n\n\n\n<p>Por su parte, Lifton reconoci\u00f3 que existen \u201cbuenas perspectivas\u201d en materia de producci\u00f3n de alfalfa y trigo, destacando el avance en tecnificaci\u00f3n y desarrollo de cadenas de valor, como la porcina y textil y apunt\u00f3 a la importancia de la b\u00fasqueda de inversiones internacionales y mejorar la integraci\u00f3n de las cadenas en la provincia.<\/p>\n\n\n\n<p>Asimismo, el ministro ratific\u00f3 que la Provincia est\u00e1 generando \u201clos incentivos necesarios y el financiamiento necesario para que el productor, y sobre todo el productor ganadero, pueda realizar las inversiones que requiere sobre todo despu\u00e9s de tres a\u00f1os consecutivos de sequ\u00eda\u201d.<\/p>\n\n\n\n<h3 class=\"wp-block-heading\">Avances en los Bajos Submeridionales<\/h3>\n\n\n\n<p>En cuanto a los Bajos Submeridionales, el titular de la cartera productiva se refiri\u00f3 a la formaci\u00f3n de un Comit\u00e9 interjurisdiccional \u201cpor primera vez en su historia\u201d, valorando el trabajo coordinado con apoyo del gobierno nacional a trav\u00e9s del presidente Alberto Fern\u00e1ndez, el ministro (Gabriel) Katopodis y la participaci\u00f3n de los tres gobernadores de las provincias de Santa Fe, Santiago del Estero y Chaco.<\/p>\n\n\n\n<p>Al respecto, confirm\u00f3 que \u201cest\u00e1 en la etapa final de concreci\u00f3n la generaci\u00f3n del sistema de alcantarillado\u201d; haciendo referencia tambi\u00e9n a la limpieza de canales y la firma del acuerdo con la provincia de Santa Fe \u201cpara poder plantear dentro del Plan Director de Bajos Submeridionales, el trabajo que se debe realizar en el canal principal, que desagote todo este escurrimiento hacia el Paran\u00e1 como la obra estructural que va a terminar de resolver esta situaci\u00f3n\u201d.<\/p>\n\n\n\n<p>Finalmente, reconoci\u00f3 que el financiamiento de obras estructurales compete no s\u00f3lo al Gobierno nacional, en el acompa\u00f1amiento a las tres provincias, sino tambi\u00e9n plantea la necesidad de b\u00fasqueda de financiamiento internacional, justificando de este modo los avances del Plan Director que permitir\u00e1 \u201cgenerar las estrategias de financiamiento internacional que permitan avanzar r\u00e1pidamente con las obras estructurales en este sentido\u201d, concluy\u00f3.<\/p>\n","protected":false},"excerpt":{"rendered":"<p>El gobernador y los ministros Lifton y P\u00e9rez Pons, junto a referentes del sector agroindustrial, abordaron cuestiones ligadas al financiamiento, la infraestructura y el valor&hellip; <\/p>\n","protected":false},"author":2,"featured_media":1093,"comment_status":"open","ping_status":"open","sticky":false,"template":"","format":"standard","meta":{"footnotes":""},"categories":[5],"tags":[],"class_list":["post-1092","post","type-post","status-publish","format-standard","has-post-thumbnail","hentry","category-politica"],"_links":{"self":[{"href":"https:\/\/lametro989.com\/index.php?rest_route=\/wp\/v2\/posts\/1092","targetHints":{"allow":["GET"]}}],"collection":[{"href":"https:\/\/lametro989.com\/index.php?rest_route=\/wp\/v2\/posts"}],"about":[{"href":"https:\/\/lametro989.com\/index.php?rest_route=\/wp\/v2\/types\/post"}],"author":[{"embeddable":true,"href":"https:\/\/lametro989.com\/index.php?rest_route=\/wp\/v2\/users\/2"}],"replies":[{"embeddable":true,"href":"https:\/\/lametro989.com\/index.php?rest_route=%2Fwp%2Fv2%2Fcomments&post=1092"}],"version-history":[{"count":1,"href":"https:\/\/lametro989.com\/index.php?rest_route=\/wp\/v2\/posts\/1092\/revisions"}],"predecessor-version":[{"id":1094,"href":"https:\/\/lametro989.com\/index.php?rest_route=\/wp\/v2\/posts\/1092\/revisions\/1094"}],"wp:featuredmedia":[{"embeddable":true,"href":"https:\/\/lametro989.com\/index.php?rest_route=\/wp\/v2\/media\/1093"}],"wp:attachment":[{"href":"https:\/\/lametro989.com\/index.php?rest_route=%2Fwp%2Fv2%2Fmedia&parent=1092"}],"wp:term":[{"taxonomy":"category","embeddable":true,"href":"https:\/\/lametro989.com\/index.php?rest_route=%2Fwp%2Fv2%2Fcategories&post=1092"},{"taxonomy":"post_tag","embeddable":true,"href":"https:\/\/lametro989.com\/index.php?rest_route=%2Fwp%2Fv2%2Ftags&post=1092"}],"curies":[{"name":"wp","href":"https:\/\/api.w.org\/{rel}","templated":true}]}}