{"id":1101,"date":"2023-07-12T22:20:55","date_gmt":"2023-07-13T01:20:55","guid":{"rendered":"https:\/\/lametro989.com\/?p=1101"},"modified":"2023-07-12T22:21:46","modified_gmt":"2023-07-13T01:21:46","slug":"un-nino-de-dos-anos-murio-en-un-avion-que-tenia-como-destino-a-resistencia","status":"publish","type":"post","link":"https:\/\/lametro989.com\/?p=1101","title":{"rendered":"Un ni\u00f1o de dos a\u00f1os muri\u00f3 en un avi\u00f3n que ten\u00eda como destino a Resistencia"},"content":{"rendered":"\n<p>Durante un vuelo de Aerol\u00edneas Argentinas con destino a Resistencia, un nene de dos a\u00f1os que padec\u00eda leucemia muri\u00f3 luego de sufrir una descompensaci\u00f3n a bordo. El avi\u00f3n tuvo que regresar al aeropuerto, en un intento desesperado por salvar al peque\u00f1o, pero lamentablemente los esfuerzos m\u00e9dicos no fueron suficientes.<\/p>\n\n\n\n<figure class=\"wp-block-image size-full\"><img loading=\"lazy\" decoding=\"async\" width=\"611\" height=\"393\" src=\"https:\/\/lametro989.com\/wp-content\/uploads\/2023\/07\/imagen-140.png\" alt=\"\" class=\"wp-image-1102\" srcset=\"https:\/\/lametro989.com\/wp-content\/uploads\/2023\/07\/imagen-140.png 611w, https:\/\/lametro989.com\/wp-content\/uploads\/2023\/07\/imagen-140-300x193.png 300w\" sizes=\"auto, (max-width: 611px) 100vw, 611px\" \/><\/figure>\n\n\n\n<p>La tr\u00e1gica muerte ocurri\u00f3 este mi\u00e9rcoles por la tarde en el vuelo AR1782. La aeronave despeg\u00f3 puntualmente a las 14:25 desde Aeropuerto Internacional de Ezeiza.<\/p>\n\n\n\n<p>El viaje transcurr\u00eda con normalidad. Pero cuando el avi\u00f3n estaba sobrevolando Gualeguaych\u00fa, en la provincia de Entre R\u00edos, el nene empez\u00f3 a sentirse mal. La mam\u00e1 llam\u00f3 desesperada a las azafatas, que preguntaron si hab\u00eda un m\u00e9dico a bordo.<\/p>\n\n\n\n<p>Despu\u00e9s dieron aviso a la tripulaci\u00f3n y el comandante del Boeing 737-8SH decidi\u00f3 volver a Aeroparque, siguiendo las indicaciones del operador de la torre de control.<\/p>\n\n\n\n<p>Mientras tanto, dos m\u00e9dicos que eran parte del pasaje intervinieron r\u00e1pidamente e intentaron reanimarlo con maniobras de RCP. Cuando llegaron a Aeroparque, personal sanitario del lugar sigui\u00f3 con las tareas de reanimaci\u00f3n, pero el chiquito no resisti\u00f3 y muri\u00f3.<\/p>\n\n\n\n<p>Seg\u00fan informaron fuentes oficiales de Aerol\u00edneas Argentinas, el ni\u00f1o fue declarado como fallecido en tierra, a las 15.26 de este mi\u00e9rcoles.<\/p>\n","protected":false},"excerpt":{"rendered":"<p>Durante un vuelo de Aerol\u00edneas Argentinas con destino a Resistencia, un nene de dos a\u00f1os que padec\u00eda leucemia muri\u00f3 luego de sufrir una descompensaci\u00f3n a&hellip; <\/p>\n","protected":false},"author":2,"featured_media":1102,"comment_status":"open","ping_status":"open","sticky":false,"template":"","format":"standard","meta":{"footnotes":""},"categories":[9,2],"tags":[],"class_list":["post-1101","post","type-post","status-publish","format-standard","has-post-thumbnail","hentry","category-destacadas","category-provinciales"],"_links":{"self":[{"href":"https:\/\/lametro989.com\/index.php?rest_route=\/wp\/v2\/posts\/1101","targetHints":{"allow":["GET"]}}],"collection":[{"href":"https:\/\/lametro989.com\/index.php?rest_route=\/wp\/v2\/posts"}],"about":[{"href":"https:\/\/lametro989.com\/index.php?rest_route=\/wp\/v2\/types\/post"}],"author":[{"embeddable":true,"href":"https:\/\/lametro989.com\/index.php?rest_route=\/wp\/v2\/users\/2"}],"replies":[{"embeddable":true,"href":"https:\/\/lametro989.com\/index.php?rest_route=%2Fwp%2Fv2%2Fcomments&post=1101"}],"version-history":[{"count":1,"href":"https:\/\/lametro989.com\/index.php?rest_route=\/wp\/v2\/posts\/1101\/revisions"}],"predecessor-version":[{"id":1103,"href":"https:\/\/lametro989.com\/index.php?rest_route=\/wp\/v2\/posts\/1101\/revisions\/1103"}],"wp:featuredmedia":[{"embeddable":true,"href":"https:\/\/lametro989.com\/index.php?rest_route=\/wp\/v2\/media\/1102"}],"wp:attachment":[{"href":"https:\/\/lametro989.com\/index.php?rest_route=%2Fwp%2Fv2%2Fmedia&parent=1101"}],"wp:term":[{"taxonomy":"category","embeddable":true,"href":"https:\/\/lametro989.com\/index.php?rest_route=%2Fwp%2Fv2%2Fcategories&post=1101"},{"taxonomy":"post_tag","embeddable":true,"href":"https:\/\/lametro989.com\/index.php?rest_route=%2Fwp%2Fv2%2Ftags&post=1101"}],"curies":[{"name":"wp","href":"https:\/\/api.w.org\/{rel}","templated":true}]}}