{"id":1105,"date":"2023-07-12T22:24:28","date_gmt":"2023-07-13T01:24:28","guid":{"rendered":"https:\/\/lametro989.com\/?p=1105"},"modified":"2023-07-12T22:24:28","modified_gmt":"2023-07-13T01:24:28","slug":"preocupacion-en-italia-ante-iniciativa-que-busca-limitar-el-estatus-de-ciudadanos-a-descendientes","status":"publish","type":"post","link":"https:\/\/lametro989.com\/?p=1105","title":{"rendered":"Preocupaci\u00f3n en Italia ante iniciativa que busca limitar el estatus de ciudadanos a descendientes"},"content":{"rendered":"\n<p>La presentaci\u00f3n en el Senado italiano de un proyecto de ley de centroderecha, firmado por el senador Roberto Menia, despert\u00f3 gran revuelo y preocupaci\u00f3n, especialmente en la numerosa comunidad\u00a0 italiana de la Argentina: se trata de una ley que introducir\u00eda limitaciones a la ciudadan\u00eda italiana para los descendientes.<\/p>\n\n\n\n<figure class=\"wp-block-image size-full\"><img loading=\"lazy\" decoding=\"async\" width=\"696\" height=\"464\" src=\"https:\/\/lametro989.com\/wp-content\/uploads\/2023\/07\/imagen-141.png\" alt=\"\" class=\"wp-image-1106\" srcset=\"https:\/\/lametro989.com\/wp-content\/uploads\/2023\/07\/imagen-141.png 696w, https:\/\/lametro989.com\/wp-content\/uploads\/2023\/07\/imagen-141-300x200.png 300w\" sizes=\"auto, (max-width: 696px) 100vw, 696px\" \/><\/figure>\n\n\n\n<p>Si es cierto que no es la primera vez que se presentan en el Parlamento italiano enmiendas o proyectos de ley que tienden a introducir l\u00edmites a la transmisi\u00f3n de la ciudadan\u00eda &#8216;ius sanguinis&#8217; (derecho de la sangre), es igualmente Cierto que en este caso estamos ante algo nuevo que merece una atenci\u00f3n extra.<\/p>\n\n\n\n<p>\u201cEn el plano pol\u00edtico, aspecto que no es para nada irrelevante para la cuesti\u00f3n (nada menos que el legal) pero poco destacado en las declaraciones e intervenciones le\u00eddas hasta ahora en las agencias de noticias\u201d, expres\u00f3 el senador Fabio Porta.<\/p>\n\n\n\n<p>Durante la \u00faltima campa\u00f1a electoral fui atacado violentamente por candidatos de centro-derecha precisamente en este punto: el Partido Democr\u00e1tico fue se\u00f1alado como el partido de las limitaciones sobre el &#8216;ius sanguinis&#8217; y los partidos de centro-derecha (Lega, Fratelli d&#8217;Italia, Forza Italia) como los de la denodada defensa de este derecho.<\/p>\n\n\n\n<p>Siempre he dicho que no era as\u00ed y que la propuesta de mi partido era &#8220;ampliar&#8221; y no &#8220;restringir&#8221; el acceso a la ciudadan\u00eda. Y que a menudo hubo una confusi\u00f3n deliberada e instrumental entre la propuesta del IUS CULTURAE (o IUS SCHOLAE) adelantada por el PD y una limitaci\u00f3n paralela (pero no prevista por nuestro proyecto de ley) del IUS SANGUINIS.<\/p>\n\n\n\n<p>&#8220;La propuesta presentada por el Senador Menia confirma mi tesis y desmiente las que me han atacado en los \u00faltimos a\u00f1os&#8221;, agrega Porta.<\/p>\n\n\n\n<p>&#8220;Adem\u00e1s, siempre he sostenido que a favor de la limitaci\u00f3n generacional a la transmisi\u00f3n de la ciudadan\u00eda hab\u00eda una alineaci\u00f3n transversal, presente en todos los partidos y movimientos, apoyada en primer lugar por la gran mayor\u00eda de diplom\u00e1ticos del Ministerio de Relaciones Exteriores&#8221;, explica.<\/p>\n\n\n\n<p>&#8220;Estamos ante un personaje importante de la alineaci\u00f3n mayoritaria que apoya al gobierno de Giorgia Meloni. La propuesta de Menia fue entonces relanzada precisamente durante la primera asamblea del Consejo General de los Italianos en el Extranjero por el Consejero Ferretti y en mi discurso en esa asamblea tom\u00e9 nota de esta iniciativa de centro-derecha declar\u00e1ndome en contra y proponiendo en cambio una reflexi\u00f3n sobre, una abierta&nbsp; ciudadan\u00eda inclusiva e inteligente (que responda a la recesi\u00f3n demogr\u00e1fica y despoblaci\u00f3n que vive el pa\u00eds)&#8221;, advierte.<\/p>\n\n\n\n<p>Tambi\u00e9n tomo nota de que la propuesta del Senador Menia se oficializ\u00f3 durante una conferencia en el Senado a la que asistieron todos los asesores de centro-derecha de la CGIE y los principales representantes de estos partidos entre los italianos en el mundo.<\/p>\n\n\n\n<p>Una reflexi\u00f3n seria sobre la ciudadan\u00eda, y tambi\u00e9n sobre sus temas cr\u00edticos, debe en todo caso hacerse y apoyarse en todos los foros apropiados, sin barreras ideol\u00f3gicas ni juicios preestablecidos o estereotipados (y s\u00ed trabajando juntos, derecha e izquierda, por la inclusi\u00f3n de los italianos en el extranjero y de los extranjeros en Italia en nuestro sistema econ\u00f3mico y social).<\/p>\n\n\n\n<p>Pueden y deben introducirse medidas correctivas que apunten a mejorar el v\u00ednculo cultural y ling\u00fc\u00edstico entre Italia y los nuevos ciudadanos, elementos que no est\u00e1n necesariamente vinculados a datos generacionales como la experiencia nos confirma todos los d\u00edas.<\/p>\n\n\n\n<p>En todo caso, debemos involucrar a la sociedad civil y pol\u00edtica italiana en un debate abierto y con visi\u00f3n de futuro sobre c\u00f3mo atraer nuevas energ\u00edas a nuestro pa\u00eds, incluso entre nuestros descendientes en el extranjero (no solo a trav\u00e9s de la ciudadan\u00eda sino, por ejemplo, favoreciendo un sistema de visado apropiado y permisos de estudio y trabajo).<\/p>\n\n\n\n<p>&#8220;Empec\u00e9 a hacerlo hace unas semanas al convocar a las fuerzas pol\u00edticas, sociales y asociativas a la conferencia &#8220;Italicidad, Ciudadan\u00eda, Di\u00e1spora y Desarrollo&#8221;, donde desarroll\u00e9 el tema de manera seria e innovadora. Espero que todos tengan la misma intuici\u00f3n y que trabajen con el mismo esp\u00edritu constructivo, por el bien de Italia y su relaci\u00f3n con nuestras grandes comunidades en todo el mundo&#8221;, finaliza.<\/p>\n\n\n\n<p>Fabio Porta es elegido diputado por Sudam\u00e9rica en la C\u00e1mara de Diputados de Italia; Coordinador del Partido Democr\u00e1tico (PD) en Sudam\u00e9rica; presidente del grupo parlamentario &#8220;Amistad Italia-Brasil&#8221; de la Uni\u00f3n Interparlamentaria y del Inter grupo Expo 2030. Autor de numerosas publicaciones y art\u00edculos para peri\u00f3dicos italianos y extranjeros, es presidente de la Asociaci\u00f3n de Amistad Italia-Brasil, vicepresidente de la ICPE (Instituto para la Cooperaci\u00f3n con el Extranjero) y Vicepresidente de la Asociaci\u00f3n Focus Europe.<\/p>\n","protected":false},"excerpt":{"rendered":"<p>La presentaci\u00f3n en el Senado italiano de un proyecto de ley de centroderecha, firmado por el senador Roberto Menia, despert\u00f3 gran revuelo y preocupaci\u00f3n, especialmente&hellip; <\/p>\n","protected":false},"author":2,"featured_media":1106,"comment_status":"open","ping_status":"open","sticky":false,"template":"","format":"standard","meta":{"footnotes":""},"categories":[5],"tags":[],"class_list":["post-1105","post","type-post","status-publish","format-standard","has-post-thumbnail","hentry","category-politica"],"_links":{"self":[{"href":"https:\/\/lametro989.com\/index.php?rest_route=\/wp\/v2\/posts\/1105","targetHints":{"allow":["GET"]}}],"collection":[{"href":"https:\/\/lametro989.com\/index.php?rest_route=\/wp\/v2\/posts"}],"about":[{"href":"https:\/\/lametro989.com\/index.php?rest_route=\/wp\/v2\/types\/post"}],"author":[{"embeddable":true,"href":"https:\/\/lametro989.com\/index.php?rest_route=\/wp\/v2\/users\/2"}],"replies":[{"embeddable":true,"href":"https:\/\/lametro989.com\/index.php?rest_route=%2Fwp%2Fv2%2Fcomments&post=1105"}],"version-history":[{"count":1,"href":"https:\/\/lametro989.com\/index.php?rest_route=\/wp\/v2\/posts\/1105\/revisions"}],"predecessor-version":[{"id":1107,"href":"https:\/\/lametro989.com\/index.php?rest_route=\/wp\/v2\/posts\/1105\/revisions\/1107"}],"wp:featuredmedia":[{"embeddable":true,"href":"https:\/\/lametro989.com\/index.php?rest_route=\/wp\/v2\/media\/1106"}],"wp:attachment":[{"href":"https:\/\/lametro989.com\/index.php?rest_route=%2Fwp%2Fv2%2Fmedia&parent=1105"}],"wp:term":[{"taxonomy":"category","embeddable":true,"href":"https:\/\/lametro989.com\/index.php?rest_route=%2Fwp%2Fv2%2Fcategories&post=1105"},{"taxonomy":"post_tag","embeddable":true,"href":"https:\/\/lametro989.com\/index.php?rest_route=%2Fwp%2Fv2%2Ftags&post=1105"}],"curies":[{"name":"wp","href":"https:\/\/api.w.org\/{rel}","templated":true}]}}