{"id":1111,"date":"2023-07-12T22:29:20","date_gmt":"2023-07-13T01:29:20","guid":{"rendered":"https:\/\/lametro989.com\/?p=1111"},"modified":"2023-07-12T22:29:20","modified_gmt":"2023-07-13T01:29:20","slug":"por-unanimidad-la-legislatura-provincial-sanciono-la-recategorizacion-de-tres-isletas","status":"publish","type":"post","link":"https:\/\/lametro989.com\/?p=1111","title":{"rendered":"Por unanimidad, la Legislatura provincial sancion\u00f3 la recategorizaci\u00f3n de Tres Isletas"},"content":{"rendered":"\n<p>El Municipio pasar\u00e1 a ser de Primera Categor\u00eda, de acuerdo a lo establecido en la Constituci\u00f3n Provincial y en la Ley Org\u00e1nica de Municipios. El intendente Ladislao Perduk particip\u00f3 del debate en el recinto. Adem\u00e1s, incorporaron la Modalidad Educaci\u00f3n Biling\u00fce Intercultural al Estatuto del Docente, entre otras iniciativas aprobadas.\u00a0\u00a0<\/p>\n\n\n\n<figure class=\"wp-block-image size-full\"><img loading=\"lazy\" decoding=\"async\" width=\"888\" height=\"592\" src=\"https:\/\/lametro989.com\/wp-content\/uploads\/2023\/07\/imagen-143.png\" alt=\"\" class=\"wp-image-1112\" srcset=\"https:\/\/lametro989.com\/wp-content\/uploads\/2023\/07\/imagen-143.png 888w, https:\/\/lametro989.com\/wp-content\/uploads\/2023\/07\/imagen-143-300x200.png 300w, https:\/\/lametro989.com\/wp-content\/uploads\/2023\/07\/imagen-143-768x512.png 768w\" sizes=\"auto, (max-width: 888px) 100vw, 888px\" \/><\/figure>\n\n\n\n<p>Se llev\u00f3 a cabo este mi\u00e9rcoles la Sesi\u00f3n Ordinaria N\u00ba 17 del Poder Legislativo, oportunidad en la que se sancion\u00f3 la ley por la que se establece que el Municipio de Tres Isletas pasar\u00e1 a ser de Primera Categor\u00eda en el marco de lo establecido por el Art\u00edculo N\u00ba 183 de la Constituci\u00f3n Provincial y la Ley Org\u00e1nica de Municipios.&nbsp;La propuesta, plasmada en iniciativas de ambas bancadas mayoritarias, fue aprobada por unanimidad de los legisladores, con la presencia en el recinto del intendente de Tres Isletas, Ladislao Perduk.<\/p>\n\n\n\n<p>Tambi\u00e9n en forma un\u00e1nime, se aprob\u00f3 la Ley que incorpora la Modalidad Educaci\u00f3n Biling\u00fce Intercultural (E.B.I.) al Estatuto del Docente Ley 647 E. El proyecto fue impulsado por la diputada Andrea Charole, con el acompa\u00f1amiento de los diputados (mandato cumplido) Claudia Gonz\u00e1lez, Roy Nikisch, Ricardo S\u00e1nchez y Mar\u00eda Elena Vargas.<\/p>\n\n\n\n<p>La ley, actualiza la denominaci\u00f3n de la modalidad E.B.I. dentro del Estatuto para garantizar la prioridad en la designaci\u00f3n e igualdad de derechos de los trabajadores ind\u00edgenas de la educaci\u00f3n del Chaco, y el reconocimiento para ocupar cargos en escuelas de esta modalidad en todos los niveles.<\/p>\n\n\n\n<p>Otra de las normas sancionadas por el pleno del cuerpo legislativo fue la Ley impulsada por la diputada J\u00e9ssica Ayala que crea un Plan Provincial de Difusi\u00f3n y Capacitaci\u00f3n del servicio de atenci\u00f3n telef\u00f3nica \u201c149 opci\u00f3n 2\u201d, creado por la Agencia Nacional de Seguridad Vial para atender a v\u00edctimas de siniestros viales y sus familias.<\/p>\n\n\n\n<p>Por otra parte, se sancion\u00f3 la ratificaci\u00f3n por Ley de Decretos del poder Ejecutivo que establecen bonificaciones y recomposiciones salariales para distintos sectores de la administraci\u00f3n p\u00fablica; y normas que reinstauran o prorrogan leyes de expropiaci\u00f3n.<\/p>\n","protected":false},"excerpt":{"rendered":"<p>El Municipio pasar\u00e1 a ser de Primera Categor\u00eda, de acuerdo a lo establecido en la Constituci\u00f3n Provincial y en la Ley Org\u00e1nica de Municipios. El&hellip; <\/p>\n","protected":false},"author":2,"featured_media":1112,"comment_status":"open","ping_status":"open","sticky":false,"template":"","format":"standard","meta":{"footnotes":""},"categories":[9,5],"tags":[],"class_list":["post-1111","post","type-post","status-publish","format-standard","has-post-thumbnail","hentry","category-destacadas","category-politica"],"_links":{"self":[{"href":"https:\/\/lametro989.com\/index.php?rest_route=\/wp\/v2\/posts\/1111","targetHints":{"allow":["GET"]}}],"collection":[{"href":"https:\/\/lametro989.com\/index.php?rest_route=\/wp\/v2\/posts"}],"about":[{"href":"https:\/\/lametro989.com\/index.php?rest_route=\/wp\/v2\/types\/post"}],"author":[{"embeddable":true,"href":"https:\/\/lametro989.com\/index.php?rest_route=\/wp\/v2\/users\/2"}],"replies":[{"embeddable":true,"href":"https:\/\/lametro989.com\/index.php?rest_route=%2Fwp%2Fv2%2Fcomments&post=1111"}],"version-history":[{"count":1,"href":"https:\/\/lametro989.com\/index.php?rest_route=\/wp\/v2\/posts\/1111\/revisions"}],"predecessor-version":[{"id":1113,"href":"https:\/\/lametro989.com\/index.php?rest_route=\/wp\/v2\/posts\/1111\/revisions\/1113"}],"wp:featuredmedia":[{"embeddable":true,"href":"https:\/\/lametro989.com\/index.php?rest_route=\/wp\/v2\/media\/1112"}],"wp:attachment":[{"href":"https:\/\/lametro989.com\/index.php?rest_route=%2Fwp%2Fv2%2Fmedia&parent=1111"}],"wp:term":[{"taxonomy":"category","embeddable":true,"href":"https:\/\/lametro989.com\/index.php?rest_route=%2Fwp%2Fv2%2Fcategories&post=1111"},{"taxonomy":"post_tag","embeddable":true,"href":"https:\/\/lametro989.com\/index.php?rest_route=%2Fwp%2Fv2%2Ftags&post=1111"}],"curies":[{"name":"wp","href":"https:\/\/api.w.org\/{rel}","templated":true}]}}