{"id":1114,"date":"2023-07-12T22:33:09","date_gmt":"2023-07-13T01:33:09","guid":{"rendered":"https:\/\/lametro989.com\/?p=1114"},"modified":"2023-07-12T22:33:09","modified_gmt":"2023-07-13T01:33:09","slug":"lali-esposito-hablo-sobre-su-salud-y-se-sincero-con-sus-fans-este-trabajo-te-come","status":"publish","type":"post","link":"https:\/\/lametro989.com\/?p=1114","title":{"rendered":"Lali Esp\u00f3sito habl\u00f3 sobre su salud y se sincer\u00f3 con sus fans: &#8220;Este trabajo te come&#8221;"},"content":{"rendered":"\n<p>La artista brind\u00f3 una entrevista en la que habl\u00f3 de la importancia de la salud mental y cont\u00f3 qu\u00e9 la llev\u00f3 a bajar el ritmo laboral.<\/p>\n\n\n\n<figure class=\"wp-block-image size-full\"><img loading=\"lazy\" decoding=\"async\" width=\"610\" height=\"457\" src=\"https:\/\/lametro989.com\/wp-content\/uploads\/2023\/07\/imagen-144.png\" alt=\"\" class=\"wp-image-1115\" srcset=\"https:\/\/lametro989.com\/wp-content\/uploads\/2023\/07\/imagen-144.png 610w, https:\/\/lametro989.com\/wp-content\/uploads\/2023\/07\/imagen-144-300x225.png 300w\" sizes=\"auto, (max-width: 610px) 100vw, 610px\" \/><\/figure>\n\n\n\n<p>Mientras <strong>Lali Esp\u00f3sito sigue de gira por Europa, <\/strong>donde presenta su LaliTour, la cantante grab\u00f3 una entrevista con el youtuber mexicano Juanpa Zurita. En esa charla, la artista habl\u00f3 con mucha sinceridad y por primera vez cont\u00f3 <strong>el problema de salud que padeci\u00f3 el a\u00f1o pasado y que la hizo reflexionar de cara a su futuro laboral.<\/strong><\/p>\n\n\n\n<p>\u201cTe voy a ser muy sincera&#8230; L<strong>amentablemente yo vengo de pasar un momento de mucha ansiedad nivel dram\u00e1tico.<\/strong> Que esto no lo cont\u00e9, pero amerita a full tu espacio para esto&#8221;, comenz\u00f3 Lali su relato.<\/p>\n\n\n\n<p>Y sigui\u00f3: \u201cYo soy una persona que trabajo y trabajo y siempre parezco que estoy bien.<strong> No es real que uno siempre est\u00e1 bien.<\/strong> Y aparte en la vida privada pasan cosas que uno despu\u00e9s va sorteando y <strong>despu\u00e9s tu trabajo te distrae y eso est\u00e1 bueno&#8221;.<\/strong><\/p>\n\n\n\n<p>&#8220;Pero lo cierto es que vengo de un momento en que tuve que pedirle a mi equipo: <strong>\u2018chicos, se me va a paralizar la cara\u2019. <\/strong>O sea, real. Por suerte la gente que me acompa\u00f1a me dijo \u2018tranquila, lo acomodamos\u2019\u201d, reconoci\u00f3 la artista.<\/p>\n\n\n\n<p>Lali explic\u00f3 que debi\u00f3 aprender a parar un poco su ritmo laboral porque le estaba repercutiendo a nivel f\u00edsico y mental: \u201c<strong>Reci\u00e9n a mis 30 a\u00f1os a\u00f1os pude decir \u2018no puedo\u2019.<\/strong> Yo no sab\u00eda decirlo. Para empezar, no sab\u00eda decir que no, que es un gran problema, y segundo, no sab\u00eda decir \u2018no puedo\u2019. Porque significa \u00bfC\u00f3mo que yo no puedo? Si yo puedo todo. <strong>Me mal acostumbr\u00e9 a poder muchas cosas locas a la vez\u201d.<\/strong><\/p>\n\n\n\n<p>&#8220;Por primera vez en mi vida del a\u00f1o pasado a este estoy reacomodando mi trabajo porque te come. E<strong>st\u00e1 todo bueno pero cuando te empieza a dar una taquicardia y te tiembla el brazo<\/strong> dec\u00eds: \u2018che, esto es raro, deber\u00eda chequear con un profesional si es normal\u2019&#8221;, se sincer\u00f3 la actriz y cantante.<\/p>\n\n\n\n<p>&#8220;Y me di cuenta hoy, cada uno se va dando cuenta de las cosas a su ritmo, l<strong>o importante que era preservar mi psiquis y mi emoci\u00f3n, que aparte es con la que trabajo&#8221;<\/strong>, finaliz\u00f3.<\/p>\n","protected":false},"excerpt":{"rendered":"<p>La artista brind\u00f3 una entrevista en la que habl\u00f3 de la importancia de la salud mental y cont\u00f3 qu\u00e9 la llev\u00f3 a bajar el ritmo&hellip; <\/p>\n","protected":false},"author":2,"featured_media":1115,"comment_status":"open","ping_status":"open","sticky":false,"template":"","format":"standard","meta":{"footnotes":""},"categories":[13],"tags":[],"class_list":["post-1114","post","type-post","status-publish","format-standard","has-post-thumbnail","hentry","category-nacionales"],"_links":{"self":[{"href":"https:\/\/lametro989.com\/index.php?rest_route=\/wp\/v2\/posts\/1114","targetHints":{"allow":["GET"]}}],"collection":[{"href":"https:\/\/lametro989.com\/index.php?rest_route=\/wp\/v2\/posts"}],"about":[{"href":"https:\/\/lametro989.com\/index.php?rest_route=\/wp\/v2\/types\/post"}],"author":[{"embeddable":true,"href":"https:\/\/lametro989.com\/index.php?rest_route=\/wp\/v2\/users\/2"}],"replies":[{"embeddable":true,"href":"https:\/\/lametro989.com\/index.php?rest_route=%2Fwp%2Fv2%2Fcomments&post=1114"}],"version-history":[{"count":1,"href":"https:\/\/lametro989.com\/index.php?rest_route=\/wp\/v2\/posts\/1114\/revisions"}],"predecessor-version":[{"id":1116,"href":"https:\/\/lametro989.com\/index.php?rest_route=\/wp\/v2\/posts\/1114\/revisions\/1116"}],"wp:featuredmedia":[{"embeddable":true,"href":"https:\/\/lametro989.com\/index.php?rest_route=\/wp\/v2\/media\/1115"}],"wp:attachment":[{"href":"https:\/\/lametro989.com\/index.php?rest_route=%2Fwp%2Fv2%2Fmedia&parent=1114"}],"wp:term":[{"taxonomy":"category","embeddable":true,"href":"https:\/\/lametro989.com\/index.php?rest_route=%2Fwp%2Fv2%2Fcategories&post=1114"},{"taxonomy":"post_tag","embeddable":true,"href":"https:\/\/lametro989.com\/index.php?rest_route=%2Fwp%2Fv2%2Ftags&post=1114"}],"curies":[{"name":"wp","href":"https:\/\/api.w.org\/{rel}","templated":true}]}}