{"id":1117,"date":"2023-07-12T22:39:31","date_gmt":"2023-07-13T01:39:31","guid":{"rendered":"https:\/\/lametro989.com\/?p=1117"},"modified":"2023-07-12T22:39:31","modified_gmt":"2023-07-13T01:39:31","slug":"horacio-rodriguez-larreta-defendio-a-patricia-bullrich-tras-la-intervencion-a-su-fundacion","status":"publish","type":"post","link":"https:\/\/lametro989.com\/?p=1117","title":{"rendered":"Horacio Rodr\u00edguez Larreta defendi\u00f3 a Patricia Bullrich tras la intervenci\u00f3n a su fundaci\u00f3n"},"content":{"rendered":"\n<p>El jefe de Gobierno porte\u00f1o sali\u00f3 a respaldar a su compa\u00f1era de espacio ante la medida que tom\u00f3 la Inspecci\u00f3n General de Justicia (IGJ).<\/p>\n\n\n\n<figure class=\"wp-block-image size-full\"><img loading=\"lazy\" decoding=\"async\" width=\"610\" height=\"343\" src=\"https:\/\/lametro989.com\/wp-content\/uploads\/2023\/07\/imagen-145.png\" alt=\"\" class=\"wp-image-1118\" srcset=\"https:\/\/lametro989.com\/wp-content\/uploads\/2023\/07\/imagen-145.png 610w, https:\/\/lametro989.com\/wp-content\/uploads\/2023\/07\/imagen-145-300x169.png 300w\" sizes=\"auto, (max-width: 610px) 100vw, 610px\" \/><\/figure>\n\n\n\n<p>Luego de que la la<a href=\"https:\/\/www.minutouno.com\/politica\/patricia-bullrich\/por-que-el-gobierno-intervino-el-instituto-n5768261\" target=\"_blank\" rel=\"noreferrer noopener\"> <strong>Inspecci\u00f3n General de Justicia (IGJ)<\/strong> decidiera intervenir la fundaci\u00f3n de <strong>Patricia Bullrich<\/strong><\/a>, <strong>Horacio Rodr\u00edguez Larreta <\/strong>sali\u00f3 a respaldar a la precandidata de presidenta de Juntos por el Cambio y dijo que la medida era &#8220;inaceptable&#8221;.<\/p>\n\n\n\n<p>&#8220;Las campa\u00f1as sucias no tienen lugar en nuestra democracia. Utilizar el estado para perseguir opositores es ABSOLUTAMENTE INACEPTABLE. Todo mi apoyo a Patricia Bullrich. El 10 de diciembre esto se termina&#8221;, escribi\u00f3 en su cuenta de Twitter un obediente el Jefe de Gobierno porte\u00f1o.En tal sentido, <strong>Patricia Bullrich, quien como ministra de Seguridad persigui\u00f3 opositores<\/strong>, tambi\u00e9n us\u00f3 sus redes sociales e intent\u00f3 subir al ring a Sergio Massa, a pesar que la medida la realiz\u00f3 el Ministerio de Justicia, y manifest\u00f3: &#8220;El ministro de Econom\u00eda decidi\u00f3 continuar atac\u00e1ndome, esta vez a trav\u00e9s del ministro de Justicia, en lugar de ocuparse de la inflaci\u00f3n galopante y del estado calamitoso de la econom\u00eda. <strong>Quiero compartir con la gente que estemos fuertes, porque los ataques seguir\u00e1n en las pr\u00f3ximas semanas. Buscan correr la atenci\u00f3n de su gesti\u00f3n desastrosa y de la miseria que genera el kirchnerismo&#8221;.<\/strong>Por su parte,<strong> Mauricio Macri, olvidadizo de sus propias acciones de gobierno, escribi\u00f3: &#8220;Un atropello m\u00e1s de la IGJ y el Ministerio de Justicia, esta vez contra Patricia Bullrich y su fundaci\u00f3n en plena campa\u00f1a. Celebro que ya falta poco para que dejen de usar la AFIP, la IGJ y las agencias del Estado con el fin de atacar y perseguir a los opositores&#8221;.<\/strong><\/p>\n","protected":false},"excerpt":{"rendered":"<p>El jefe de Gobierno porte\u00f1o sali\u00f3 a respaldar a su compa\u00f1era de espacio ante la medida que tom\u00f3 la Inspecci\u00f3n General de Justicia (IGJ). Luego&hellip; <\/p>\n","protected":false},"author":2,"featured_media":1118,"comment_status":"open","ping_status":"open","sticky":false,"template":"","format":"standard","meta":{"footnotes":""},"categories":[9,13],"tags":[],"class_list":["post-1117","post","type-post","status-publish","format-standard","has-post-thumbnail","hentry","category-destacadas","category-nacionales"],"_links":{"self":[{"href":"https:\/\/lametro989.com\/index.php?rest_route=\/wp\/v2\/posts\/1117","targetHints":{"allow":["GET"]}}],"collection":[{"href":"https:\/\/lametro989.com\/index.php?rest_route=\/wp\/v2\/posts"}],"about":[{"href":"https:\/\/lametro989.com\/index.php?rest_route=\/wp\/v2\/types\/post"}],"author":[{"embeddable":true,"href":"https:\/\/lametro989.com\/index.php?rest_route=\/wp\/v2\/users\/2"}],"replies":[{"embeddable":true,"href":"https:\/\/lametro989.com\/index.php?rest_route=%2Fwp%2Fv2%2Fcomments&post=1117"}],"version-history":[{"count":1,"href":"https:\/\/lametro989.com\/index.php?rest_route=\/wp\/v2\/posts\/1117\/revisions"}],"predecessor-version":[{"id":1119,"href":"https:\/\/lametro989.com\/index.php?rest_route=\/wp\/v2\/posts\/1117\/revisions\/1119"}],"wp:featuredmedia":[{"embeddable":true,"href":"https:\/\/lametro989.com\/index.php?rest_route=\/wp\/v2\/media\/1118"}],"wp:attachment":[{"href":"https:\/\/lametro989.com\/index.php?rest_route=%2Fwp%2Fv2%2Fmedia&parent=1117"}],"wp:term":[{"taxonomy":"category","embeddable":true,"href":"https:\/\/lametro989.com\/index.php?rest_route=%2Fwp%2Fv2%2Fcategories&post=1117"},{"taxonomy":"post_tag","embeddable":true,"href":"https:\/\/lametro989.com\/index.php?rest_route=%2Fwp%2Fv2%2Ftags&post=1117"}],"curies":[{"name":"wp","href":"https:\/\/api.w.org\/{rel}","templated":true}]}}