{"id":1120,"date":"2023-07-12T22:40:54","date_gmt":"2023-07-13T01:40:54","guid":{"rendered":"https:\/\/lametro989.com\/?p=1120"},"modified":"2023-07-12T22:40:54","modified_gmt":"2023-07-13T01:40:54","slug":"la-revelacion-de-sebastian-battaglia-sobre-su-encuentro-con-juan-roman-riquelme","status":"publish","type":"post","link":"https:\/\/lametro989.com\/?p=1120","title":{"rendered":"La revelaci\u00f3n de Sebasti\u00e1n Battaglia sobre su encuentro con Juan Rom\u00e1n Riquelme"},"content":{"rendered":"\n<p>El ex entrenador de Boca dio detalles sobre el partido despedida del vicepresidente del club xeneize y c\u00f3mo se sinti\u00f3 al volver.<\/p>\n\n\n\n<figure class=\"wp-block-image size-large\"><img loading=\"lazy\" decoding=\"async\" width=\"1024\" height=\"708\" src=\"https:\/\/lametro989.com\/wp-content\/uploads\/2023\/07\/imagen-146-1024x708.png\" alt=\"\" class=\"wp-image-1121\" srcset=\"https:\/\/lametro989.com\/wp-content\/uploads\/2023\/07\/imagen-146-1024x708.png 1024w, https:\/\/lametro989.com\/wp-content\/uploads\/2023\/07\/imagen-146-300x208.png 300w, https:\/\/lametro989.com\/wp-content\/uploads\/2023\/07\/imagen-146-768x531.png 768w, https:\/\/lametro989.com\/wp-content\/uploads\/2023\/07\/imagen-146.png 1301w\" sizes=\"auto, (max-width: 1024px) 100vw, 1024px\" \/><\/figure>\n\n\n\n<p><a href=\"https:\/\/www.elgrafico.com.ar\/etiqueta\/sebasti%C3%A1n%20battaglia\" target=\"_blank\" rel=\"noreferrer noopener\"><strong>SEBASTI\u00c1N BATTAGLIA<\/strong><\/a>&nbsp;<strong>asisti\u00f3 al partido despedida de&nbsp;<\/strong><a href=\"https:\/\/www.elgrafico.com.ar\/etiqueta\/juan%20rom%C3%A1n%20riquelme\" target=\"_blank\" rel=\"noreferrer noopener\"><strong>Juan Rom\u00e1n Riquelme&nbsp;<\/strong><\/a>en la Bombonera,el pasado 25 de junio, y ahora<strong> revel\u00f3 qu\u00e9 sinti\u00f3 en su vuelta a la Boca meses despu\u00e9s de su salida del club<\/strong> xeneixe.<\/p>\n\n\n\n<p><strong><em>&#8220;M\u00e1s all\u00e1 de lo que pas\u00f3 despu\u00e9s,&nbsp;<strong>fue pasar un momento y acompa\u00f1ar una despedida de alguien que vivi\u00f3 muchas cosas como jugador y conmigo&#8221;,&nbsp;<\/strong><\/em><\/strong>explic\u00f3 el ex t\u00e9cnico.<\/p>\n\n\n\n<p>Battaglia remarc\u00f3 que fue para acompa\u00f1ar&nbsp;y responder a la invitaci\u00f3n de Rom\u00e1n, m\u00e1s por una cuesti\u00f3n de respeto que por alg\u00fan tipo de amistad o cercan\u00eda: <strong><em>&#8220;n<strong>os salu<\/strong>damos como tiene que ser y como gente civilizada, no m\u00e1s que eso. Cuando yo lo hice, \u00e9l estuvo conmigo. Una cosa es que te invite y otra es que no&#8221;.&nbsp;<\/em><\/strong><\/p>\n\n\n\n<p><strong><em>&#8220;Tuve comentarios de por qu\u00e9 fui, pero es una decisi\u00f3n personal y nadie me tiene que decir qu\u00e9 hacer&#8221;,&nbsp;<\/em><\/strong>se\u00f1al\u00f3 sobre las preguntas acerca de su presencia, en una nota en <em>Boca de Selecci\u00f3n.<\/em><\/p>\n\n\n\n<p>Con respecto a lo mejor del partido despedida, Battaglia dijo que lo que m\u00e1s disfrut\u00f3 fue reencontrarse con viejos compa\u00f1eros.<\/p>\n\n\n\n<p><strong><em>&#8220;Palacio, Figueroa&nbsp;y un mont\u00f3n m\u00e1s. Fueron compa\u00f1eros con los que vivimos cosas muy lindas&nbsp;y<strong>&nbsp;vivir el vestuario nuevamente tambi\u00e9n fue muy lindo&#8221;,<\/strong><\/em><\/strong>concluy\u00f3.<\/p>\n","protected":false},"excerpt":{"rendered":"<p>El ex entrenador de Boca dio detalles sobre el partido despedida del vicepresidente del club xeneize y c\u00f3mo se sinti\u00f3 al volver. SEBASTI\u00c1N BATTAGLIA&nbsp;asisti\u00f3 al&hellip; <\/p>\n","protected":false},"author":2,"featured_media":1121,"comment_status":"open","ping_status":"open","sticky":false,"template":"","format":"standard","meta":{"footnotes":""},"categories":[10],"tags":[],"class_list":["post-1120","post","type-post","status-publish","format-standard","has-post-thumbnail","hentry","category-deportes"],"_links":{"self":[{"href":"https:\/\/lametro989.com\/index.php?rest_route=\/wp\/v2\/posts\/1120","targetHints":{"allow":["GET"]}}],"collection":[{"href":"https:\/\/lametro989.com\/index.php?rest_route=\/wp\/v2\/posts"}],"about":[{"href":"https:\/\/lametro989.com\/index.php?rest_route=\/wp\/v2\/types\/post"}],"author":[{"embeddable":true,"href":"https:\/\/lametro989.com\/index.php?rest_route=\/wp\/v2\/users\/2"}],"replies":[{"embeddable":true,"href":"https:\/\/lametro989.com\/index.php?rest_route=%2Fwp%2Fv2%2Fcomments&post=1120"}],"version-history":[{"count":1,"href":"https:\/\/lametro989.com\/index.php?rest_route=\/wp\/v2\/posts\/1120\/revisions"}],"predecessor-version":[{"id":1122,"href":"https:\/\/lametro989.com\/index.php?rest_route=\/wp\/v2\/posts\/1120\/revisions\/1122"}],"wp:featuredmedia":[{"embeddable":true,"href":"https:\/\/lametro989.com\/index.php?rest_route=\/wp\/v2\/media\/1121"}],"wp:attachment":[{"href":"https:\/\/lametro989.com\/index.php?rest_route=%2Fwp%2Fv2%2Fmedia&parent=1120"}],"wp:term":[{"taxonomy":"category","embeddable":true,"href":"https:\/\/lametro989.com\/index.php?rest_route=%2Fwp%2Fv2%2Fcategories&post=1120"},{"taxonomy":"post_tag","embeddable":true,"href":"https:\/\/lametro989.com\/index.php?rest_route=%2Fwp%2Fv2%2Ftags&post=1120"}],"curies":[{"name":"wp","href":"https:\/\/api.w.org\/{rel}","templated":true}]}}