{"id":1135,"date":"2023-07-13T20:13:19","date_gmt":"2023-07-13T23:13:19","guid":{"rendered":"https:\/\/lametro989.com\/?p=1135"},"modified":"2023-07-13T20:13:19","modified_gmt":"2023-07-13T23:13:19","slug":"la-inflacion-de-junio-fue-del-6-por-ciento","status":"publish","type":"post","link":"https:\/\/lametro989.com\/?p=1135","title":{"rendered":"La inflaci\u00f3n de junio fue del 6 por ciento"},"content":{"rendered":"\n<p>Con esta cifra, se confirma la tendencia a la baja iniciada en mayo.\u00a0A nivel interanual, lleva una suma del 115,6%.<\/p>\n\n\n\n<figure class=\"wp-block-image size-large\"><img loading=\"lazy\" decoding=\"async\" width=\"1024\" height=\"655\" src=\"https:\/\/lametro989.com\/wp-content\/uploads\/2023\/07\/imagen-150-1024x655.png\" alt=\"\" class=\"wp-image-1136\" srcset=\"https:\/\/lametro989.com\/wp-content\/uploads\/2023\/07\/imagen-150-1024x655.png 1024w, https:\/\/lametro989.com\/wp-content\/uploads\/2023\/07\/imagen-150-300x192.png 300w, https:\/\/lametro989.com\/wp-content\/uploads\/2023\/07\/imagen-150-768x492.png 768w, https:\/\/lametro989.com\/wp-content\/uploads\/2023\/07\/imagen-150-1536x983.png 1536w, https:\/\/lametro989.com\/wp-content\/uploads\/2023\/07\/imagen-150-2048x1311.png 2048w\" sizes=\"auto, (max-width: 1024px) 100vw, 1024px\" \/><\/figure>\n\n\n\n<p>El \u00edndice de precios al consumidor (IPC) subi\u00f3 en junio 6%, lo que represent\u00f3 una baja de 1,8 puntos respecto a abril pasado, cuando se ubic\u00f3 en 7,8%, inform\u00f3 hoy el Instituto Nacional de Estad\u00edstica y Censos (INDEC)<\/p>\n\n\n\n<p>De esta manera, durante el primer semestre del a\u00f1o la inflaci\u00f3n minorista fue de 50,7% y de 115,6% en los \u00faltimos 12 meses. El 6% de junio marc\u00f3 el segundo mes de desaceleraci\u00f3n de los precios, luego del 8,4% de abril.<\/p>\n\n\n\n<p>Durante el sexto mes del a\u00f1o, el rubro de mayor aumento fue Comunicaciones, con una suba de 10,5%, impulsado por los servicios de telefon\u00eda e internet.<\/p>\n\n\n\n<p>Tambi\u00e9n por encima del promedio se ubic\u00f3 el \u00edtem Salud, con el 8,6%, por los aumentos en medicamentos y en las cuotas de empresas de medicina prepaga; seguido por Vivienda, agua, electricidad, gas y otros combustibles, con un incremento de 8,1%, por el incremento de la tarifa de electricidad.<\/p>\n\n\n\n<p>En junio, la divisi\u00f3n con mayor incidencia en todas las regiones del pa\u00eds fue Alimentos y bebidas no alcoh\u00f3licas, con una suba promedio de 4,1%.<\/p>\n\n\n\n<figure class=\"wp-block-image\"><img decoding=\"async\" src=\"https:\/\/agenciafoco.com.ar\/media\/cache\/quality\/uploads\/noticias\/64b0516a372a4100562625.jpeg\" alt=\"\"\/><\/figure>\n\n\n\n<p>Otro rubro que ven\u00eda registrando fuertes aumentos, Calzado e Indumentaria, durante el sexto mes del a\u00f1o marc\u00f3 un avance de 4,2%, por debajo del nivel general.<\/p>\n\n\n\n<p>Por categor\u00edas, los precios de bienes y servicios regulados subieron 7,2%; el IPC N\u00facleo marc\u00f3 un avance de 6,5%; y los productos y servicios estacionales, 1,8%.<\/p>\n\n\n\n<p><em>Fuente: T\u00e9lam<\/em><\/p>\n","protected":false},"excerpt":{"rendered":"<p>Con esta cifra, se confirma la tendencia a la baja iniciada en mayo.\u00a0A nivel interanual, lleva una suma del 115,6%. El \u00edndice de precios al&hellip; <\/p>\n","protected":false},"author":2,"featured_media":1136,"comment_status":"open","ping_status":"open","sticky":false,"template":"","format":"standard","meta":{"footnotes":""},"categories":[9,5],"tags":[],"class_list":["post-1135","post","type-post","status-publish","format-standard","has-post-thumbnail","hentry","category-destacadas","category-politica"],"_links":{"self":[{"href":"https:\/\/lametro989.com\/index.php?rest_route=\/wp\/v2\/posts\/1135","targetHints":{"allow":["GET"]}}],"collection":[{"href":"https:\/\/lametro989.com\/index.php?rest_route=\/wp\/v2\/posts"}],"about":[{"href":"https:\/\/lametro989.com\/index.php?rest_route=\/wp\/v2\/types\/post"}],"author":[{"embeddable":true,"href":"https:\/\/lametro989.com\/index.php?rest_route=\/wp\/v2\/users\/2"}],"replies":[{"embeddable":true,"href":"https:\/\/lametro989.com\/index.php?rest_route=%2Fwp%2Fv2%2Fcomments&post=1135"}],"version-history":[{"count":1,"href":"https:\/\/lametro989.com\/index.php?rest_route=\/wp\/v2\/posts\/1135\/revisions"}],"predecessor-version":[{"id":1137,"href":"https:\/\/lametro989.com\/index.php?rest_route=\/wp\/v2\/posts\/1135\/revisions\/1137"}],"wp:featuredmedia":[{"embeddable":true,"href":"https:\/\/lametro989.com\/index.php?rest_route=\/wp\/v2\/media\/1136"}],"wp:attachment":[{"href":"https:\/\/lametro989.com\/index.php?rest_route=%2Fwp%2Fv2%2Fmedia&parent=1135"}],"wp:term":[{"taxonomy":"category","embeddable":true,"href":"https:\/\/lametro989.com\/index.php?rest_route=%2Fwp%2Fv2%2Fcategories&post=1135"},{"taxonomy":"post_tag","embeddable":true,"href":"https:\/\/lametro989.com\/index.php?rest_route=%2Fwp%2Fv2%2Ftags&post=1135"}],"curies":[{"name":"wp","href":"https:\/\/api.w.org\/{rel}","templated":true}]}}