{"id":1138,"date":"2023-07-13T20:16:15","date_gmt":"2023-07-13T23:16:15","guid":{"rendered":"https:\/\/lametro989.com\/?p=1138"},"modified":"2023-07-13T20:16:15","modified_gmt":"2023-07-13T23:16:15","slug":"violencia-laboral-como-detectarla-y-como-superar-estas-situaciones","status":"publish","type":"post","link":"https:\/\/lametro989.com\/?p=1138","title":{"rendered":"Violencia laboral: \u00bfc\u00f3mo detectarla y c\u00f3mo superar estas situaciones?"},"content":{"rendered":"\n<p>La Oficina \u201cBeatriz V\u00e1squez\u201d de la Legislatura llev\u00f3 adelante una campa\u00f1a de difusi\u00f3n con material elaborado por un equipo interdisciplinario, que\u00a0 se enfoca en la distinci\u00f3n entre situaciones que pueden ocurrir en el \u00e1mbito laboral y cu\u00e1les de ellas constituyen o no violencia.<\/p>\n\n\n\n<figure class=\"wp-block-image size-full\"><img loading=\"lazy\" decoding=\"async\" width=\"905\" height=\"615\" src=\"https:\/\/lametro989.com\/wp-content\/uploads\/2023\/07\/imagen-151.png\" alt=\"\" class=\"wp-image-1139\" srcset=\"https:\/\/lametro989.com\/wp-content\/uploads\/2023\/07\/imagen-151.png 905w, https:\/\/lametro989.com\/wp-content\/uploads\/2023\/07\/imagen-151-300x204.png 300w, https:\/\/lametro989.com\/wp-content\/uploads\/2023\/07\/imagen-151-768x522.png 768w\" sizes=\"auto, (max-width: 905px) 100vw, 905px\" \/><\/figure>\n\n\n\n<p>Como parte de las actividades de prevenci\u00f3n y concientizaci\u00f3n llevadas adelante por la Oficina Interdisciplinaria para la Prevenci\u00f3n, Tratamiento y Sanci\u00f3n de la Violencia Laboral &#8220;Beatriz V\u00e1squez&#8221;, se llev\u00f3 adelante una campa\u00f1a de difusi\u00f3n en redes con \u00e9nfasis en la detecci\u00f3n de situaciones de violencia laboral.<\/p>\n\n\n\n<p>En particular, el material elaborado por el Equipo Interdisciplinario, se enfoca en la distinci\u00f3n entre situaciones que pueden ocurrir en el \u00e1mbito laboral y cu\u00e1les de ellas constituyen o no violencia.<\/p>\n\n\n\n<h3 class=\"wp-block-heading\">Qu\u00e9 es y qu\u00e9 no es violencia laboral<\/h3>\n\n\n\n<p><strong>Si es<\/strong>:<\/p>\n\n\n\n<p>&#8211; Acoso psicol\u00f3gico &#8220;mobbing&#8221;: Confrontaciones frecuentes y sistem\u00e1ticas. El acosador tiene una finalidad prevista. (Ej: &#8220;no serv\u00eds para nada, todo haces mal&#8221;)<\/p>\n\n\n\n<p>&nbsp;-Maltrato ps\u00edquico y social: manifestaciones hostiles. (Ej: humillaciones, insultos, ofensas, ridiculizaci\u00f3n en p\u00fablico.)<\/p>\n\n\n\n<p>-Maltrato f\u00edsico: conducta directa hacia el trabajador. (Ej: golpes, empujones; o indirectas. Ej: portazos, golpes en la mesa.)<\/p>\n\n\n\n<p>-Discriminaci\u00f3n: trato diferencial en raz\u00f3n del g\u00e9nero, religi\u00f3n, edad, entre otros.<\/p>\n\n\n\n<p>-Acoso sexual: toda acci\u00f3n de connotaci\u00f3n sexual no consentida por quien lo recibe. (Ej: toqueteo, roces, mensajes con proposiciones sexuales.)<\/p>\n\n\n\n<p>&#8211; Inequidad salarial: disparidad en remuneraciones entre empleados con funciones equivalentes,<\/p>\n\n\n\n<p><strong>No es<\/strong>:<\/p>\n\n\n\n<p>-Conflictos laborales: confrontaciones ocasionales. No hay una finalidad premeditada. (Ej: desacuerdo de valores, falta de trabajo en equipo, falta de comunicaci\u00f3n.)&nbsp;<\/p>\n\n\n\n<p>-Estr\u00e9s laboral: respuesta fisiol\u00f3gica y psicol\u00f3gica de una persona que intenta adaptarse a presiones internas y externas. (Ej: inestabilidad laboral, sobrecarga de trabajo, exceso de responsabilidades.)<\/p>\n\n\n\n<p>-Burnout: estr\u00e9s laboral extremo. Agotamiento emocional.<\/p>\n\n\n\n<p>-Exigencias organizacionales: deberes o requerimientos siempre y cuando se respete la dignidad y los derechos patrimoniales del trabajador.<\/p>\n\n\n\n<p><strong>L\u00ednea gratuita<\/strong>: 0800-444-0429, violencialaboral@legislaturachaco.gov.ar<\/p>\n","protected":false},"excerpt":{"rendered":"<p>La Oficina \u201cBeatriz V\u00e1squez\u201d de la Legislatura llev\u00f3 adelante una campa\u00f1a de difusi\u00f3n con material elaborado por un equipo interdisciplinario, que\u00a0 se enfoca en la&hellip; <\/p>\n","protected":false},"author":2,"featured_media":1139,"comment_status":"open","ping_status":"open","sticky":false,"template":"","format":"standard","meta":{"footnotes":""},"categories":[9,5],"tags":[],"class_list":["post-1138","post","type-post","status-publish","format-standard","has-post-thumbnail","hentry","category-destacadas","category-politica"],"_links":{"self":[{"href":"https:\/\/lametro989.com\/index.php?rest_route=\/wp\/v2\/posts\/1138","targetHints":{"allow":["GET"]}}],"collection":[{"href":"https:\/\/lametro989.com\/index.php?rest_route=\/wp\/v2\/posts"}],"about":[{"href":"https:\/\/lametro989.com\/index.php?rest_route=\/wp\/v2\/types\/post"}],"author":[{"embeddable":true,"href":"https:\/\/lametro989.com\/index.php?rest_route=\/wp\/v2\/users\/2"}],"replies":[{"embeddable":true,"href":"https:\/\/lametro989.com\/index.php?rest_route=%2Fwp%2Fv2%2Fcomments&post=1138"}],"version-history":[{"count":1,"href":"https:\/\/lametro989.com\/index.php?rest_route=\/wp\/v2\/posts\/1138\/revisions"}],"predecessor-version":[{"id":1140,"href":"https:\/\/lametro989.com\/index.php?rest_route=\/wp\/v2\/posts\/1138\/revisions\/1140"}],"wp:featuredmedia":[{"embeddable":true,"href":"https:\/\/lametro989.com\/index.php?rest_route=\/wp\/v2\/media\/1139"}],"wp:attachment":[{"href":"https:\/\/lametro989.com\/index.php?rest_route=%2Fwp%2Fv2%2Fmedia&parent=1138"}],"wp:term":[{"taxonomy":"category","embeddable":true,"href":"https:\/\/lametro989.com\/index.php?rest_route=%2Fwp%2Fv2%2Fcategories&post=1138"},{"taxonomy":"post_tag","embeddable":true,"href":"https:\/\/lametro989.com\/index.php?rest_route=%2Fwp%2Fv2%2Ftags&post=1138"}],"curies":[{"name":"wp","href":"https:\/\/api.w.org\/{rel}","templated":true}]}}