{"id":1141,"date":"2023-07-13T20:18:33","date_gmt":"2023-07-13T23:18:33","guid":{"rendered":"https:\/\/lametro989.com\/?p=1141"},"modified":"2023-07-13T20:18:33","modified_gmt":"2023-07-13T23:18:33","slug":"un-jurado-popular-declaro-culpable-de-homicidio-agravado-a-reinaldo-ojeda","status":"publish","type":"post","link":"https:\/\/lametro989.com\/?p=1141","title":{"rendered":"Un jurado popular declar\u00f3 culpable de homicidio agravado a Reinaldo Ojeda"},"content":{"rendered":"\n<p>Es la tercera sentencia que se determina a trav\u00e9s de esta modalidad en la ciudad Termal. Ojeda estaba acusado de excederse en la leg\u00edtima defensa, en un hecho ocurrido el 13 de Junio de 2022, en Colonia Aborigen, que tuvo como v\u00edctima fatal a Ram\u00f3n Dar\u00edo Quintana.\u00a0<\/p>\n\n\n\n<figure class=\"wp-block-image size-large\"><img loading=\"lazy\" decoding=\"async\" width=\"1024\" height=\"522\" src=\"https:\/\/lametro989.com\/wp-content\/uploads\/2023\/07\/imagen-152-1024x522.png\" alt=\"\" class=\"wp-image-1142\" srcset=\"https:\/\/lametro989.com\/wp-content\/uploads\/2023\/07\/imagen-152-1024x522.png 1024w, https:\/\/lametro989.com\/wp-content\/uploads\/2023\/07\/imagen-152-300x153.png 300w, https:\/\/lametro989.com\/wp-content\/uploads\/2023\/07\/imagen-152-768x391.png 768w, https:\/\/lametro989.com\/wp-content\/uploads\/2023\/07\/imagen-152.png 1337w\" sizes=\"auto, (max-width: 1024px) 100vw, 1024px\" \/><\/figure>\n\n\n\n<p>En S\u00e1enz Pe\u00f1a, concluy\u00f3 este jueves el tercer juicio por jurados que se realiza en la ciudad, (cuarenta en la provincia) con el veredicto de culpabilidad a Reinaldo Alberto Ojeda por el delito de homicidio agravado por el uso de arma de fuego con exceso en la leg\u00edtima defensa. El hecho ocurri\u00f3 el 13 de junio de 2022 en Colonia Aborigen y tuvo como v\u00edctima a Ram\u00f3n Dar\u00edo Quintana.<\/p>\n\n\n\n<p>El juicio tuvo como juez t\u00e9cnico al camarista Nelson Pelliza Redondo, mientras que las partes estuvieron representadas por el fiscal de C\u00e1mara, Carlos Rescala; el querellante particular Lucas Santa Cruz y el abogado Miguel Lukach como defensor de Alberto Ojeda.&nbsp;El mi\u00e9rcoles se expusieron los alegatos de apertura, luego declararon cuatro testigos y el imputado.&nbsp;<\/p>\n\n\n\n<p>En tanto que durante la segunda jornada, desarrollada este jueves, fue el momento de los alegatos de clausura, instrucciones finales, deliberaci\u00f3n del jurado y veredicto, se inform\u00f3 desde el \u00e1rea de prensa del Superior Tribunal de Justicia del Chaco.<\/p>\n","protected":false},"excerpt":{"rendered":"<p>Es la tercera sentencia que se determina a trav\u00e9s de esta modalidad en la ciudad Termal. Ojeda estaba acusado de excederse en la leg\u00edtima defensa,&hellip; <\/p>\n","protected":false},"author":2,"featured_media":1142,"comment_status":"open","ping_status":"open","sticky":false,"template":"","format":"standard","meta":{"footnotes":""},"categories":[5],"tags":[],"class_list":["post-1141","post","type-post","status-publish","format-standard","has-post-thumbnail","hentry","category-politica"],"_links":{"self":[{"href":"https:\/\/lametro989.com\/index.php?rest_route=\/wp\/v2\/posts\/1141","targetHints":{"allow":["GET"]}}],"collection":[{"href":"https:\/\/lametro989.com\/index.php?rest_route=\/wp\/v2\/posts"}],"about":[{"href":"https:\/\/lametro989.com\/index.php?rest_route=\/wp\/v2\/types\/post"}],"author":[{"embeddable":true,"href":"https:\/\/lametro989.com\/index.php?rest_route=\/wp\/v2\/users\/2"}],"replies":[{"embeddable":true,"href":"https:\/\/lametro989.com\/index.php?rest_route=%2Fwp%2Fv2%2Fcomments&post=1141"}],"version-history":[{"count":1,"href":"https:\/\/lametro989.com\/index.php?rest_route=\/wp\/v2\/posts\/1141\/revisions"}],"predecessor-version":[{"id":1143,"href":"https:\/\/lametro989.com\/index.php?rest_route=\/wp\/v2\/posts\/1141\/revisions\/1143"}],"wp:featuredmedia":[{"embeddable":true,"href":"https:\/\/lametro989.com\/index.php?rest_route=\/wp\/v2\/media\/1142"}],"wp:attachment":[{"href":"https:\/\/lametro989.com\/index.php?rest_route=%2Fwp%2Fv2%2Fmedia&parent=1141"}],"wp:term":[{"taxonomy":"category","embeddable":true,"href":"https:\/\/lametro989.com\/index.php?rest_route=%2Fwp%2Fv2%2Fcategories&post=1141"},{"taxonomy":"post_tag","embeddable":true,"href":"https:\/\/lametro989.com\/index.php?rest_route=%2Fwp%2Fv2%2Ftags&post=1141"}],"curies":[{"name":"wp","href":"https:\/\/api.w.org\/{rel}","templated":true}]}}