{"id":1144,"date":"2023-07-13T20:21:22","date_gmt":"2023-07-13T23:21:22","guid":{"rendered":"https:\/\/lametro989.com\/?p=1144"},"modified":"2023-07-13T20:21:22","modified_gmt":"2023-07-13T23:21:22","slug":"massa-denuncio-que-economistas-opositores-pidieron-al-fmi-que-no-acuerde-con-la-argentina","status":"publish","type":"post","link":"https:\/\/lametro989.com\/?p=1144","title":{"rendered":"Massa denunci\u00f3 que economistas opositores pidieron al FMI que no acuerde con la Argentina"},"content":{"rendered":"\n<p>\u201cQu\u00e9 poco patriotas los colegas de la oposici\u00f3n&#8221;, indic\u00f3 el ministro de Econom\u00eda durante un acto que comparti\u00f3 con el gobernador de la Provincia de Buenos Aires, Axel Kicillof; y el ministro de obras p\u00fablicas, Gabriel Katopodis.<\/p>\n\n\n\n<figure class=\"wp-block-image size-full\"><img loading=\"lazy\" decoding=\"async\" width=\"835\" height=\"472\" src=\"https:\/\/lametro989.com\/wp-content\/uploads\/2023\/07\/imagen-153.png\" alt=\"\" class=\"wp-image-1145\" srcset=\"https:\/\/lametro989.com\/wp-content\/uploads\/2023\/07\/imagen-153.png 835w, https:\/\/lametro989.com\/wp-content\/uploads\/2023\/07\/imagen-153-300x170.png 300w, https:\/\/lametro989.com\/wp-content\/uploads\/2023\/07\/imagen-153-768x434.png 768w\" sizes=\"auto, (max-width: 835px) 100vw, 835px\" \/><\/figure>\n\n\n\n<p>El ministro de Econom\u00eda, <strong>Sergio Massa, denunci\u00f3 que &#8220;economistas de la oposici\u00f3n&#8221; se comunicaron con funcionarios del Fondo Monetario Internacional (FMI) para pedir que no avance hacia un acuerdo con la Argentina,<\/strong> a pesar de lo cual asegur\u00f3 que el entendimiento se va a alcanzar &#8220;sin resignar la capacidad soberana y sin rendirse al altar del ajuste fiscal&#8221;.<\/p>\n\n\n\n<p>Al participar de un acto en el partido bonaerense de San Mart\u00edn con el gobernador de Axel Kicillof y el ministro de Obras P\u00fablicas, Gabriel Katopodis, Massa asegur\u00f3 que <strong>se est\u00e1 &#8220;dialogando, negociando y se est\u00e1 muy cerquita&#8221; de cerrar un entendimiento con el FMI <\/strong>y subray\u00f3 que el Gobierno nacional &#8220;va a acordar defendiendo los intereses del pa\u00eds&#8221;.<\/p>\n\n\n\n<p>Sobre el rol de la oposici\u00f3n, volvi\u00f3 a cuestionar que el presidente Mauricio &#8220;Macri trajo al Fondo y conden\u00f3 a la Argentina a discutir cada tres meses sus programas&#8221; y que hoy la responsabilidad del oficialismo &#8220;es construir un modelo de pa\u00eds que entre 2023 y 2027 se desarrolle, exporte, junte los d\u00f3lares, le pague al Fondo y lo saque de vuelta de la Argentina&#8221;.<\/p>\n\n\n\n<p>El ministro tambi\u00e9n denunci\u00f3 que un funcionario del FMI que forma parte de las negociaciones que lleva adelante el pa\u00eds le revel\u00f3 que &#8220;<strong>hubo economistas de la oposici\u00f3n <\/strong>en la Argentina que en los \u00faltimos d\u00edas se comunicaron y dec\u00edan: <strong>\u2018no les den nada, pid\u00e1nle todo porque la Argentina tiene que pasarla mal ahora'&#8221;.<\/strong><\/p>\n\n\n\n<p>&#8220;Qu\u00e9 poco patriotas los colegas de la oposici\u00f3n&#8221;, dijo Massa al reproducir la palabras del funcionario del FMI que le cont\u00f3 esta situaci\u00f3n, quien habr\u00eda dicho adem\u00e1s que por &#8220;una elecci\u00f3n est\u00e1n dispuestos a que la gente lo pase mal&#8221;.<\/p>\n\n\n\n<p>&#8220;Nunca, ni por una elecci\u00f3n ni por la discusi\u00f3n de una idea, vamos a pensar en hacerle da\u00f1o a la Argentina porque nuestro camino tiene que ser el de construir la Argentina que viene con desarrollo e igualdad de oportunidades&#8221;, resalt\u00f3 el ministro.<\/p>\n\n\n\n<figure class=\"wp-block-image\"><img decoding=\"async\" src=\"https:\/\/agenciafoco.com.ar\/media\/cache\/quality\/uploads\/noticias\/64b06f29b3ff4237737935.jpeg\" alt=\"\"\/><\/figure>\n\n\n\n<h3 class=\"wp-block-heading\">Obras p\u00fablicas paralizadas<\/h3>\n\n\n\n<p>En otro tramo de su discurso, el titular del Palacio de Hacienda dijo que <strong>las obras p\u00fablicas paralizadas que encontr\u00f3 la actual administraci\u00f3n hace casi cuatro a\u00f1os fue &#8220;el resultado del primer a\u00f1o del acuerdo de (Mauricio) Macri con el Fondo&#8221;.<\/strong><\/p>\n\n\n\n<p>&#8220;Macri fue al Fondo, tom\u00f3 los 44.000 millones de d\u00f3lares, le pag\u00f3 a todos los bonistas que quer\u00edan salir de la Argentina despu\u00e9s de haber cobrado altas tasas de inter\u00e9s y resign\u00f3 en nombre del orden fiscal la inversi\u00f3n p\u00fablica&#8221;, fustig\u00f3 el tambi\u00e9n precandidato de Uni\u00f3n por la Patria (UxP).<\/p>\n\n\n\n<p>En ese sentido, se\u00f1al\u00f3 que &#8220;negociar con el Fondo por estas horas requiere tener una mirada propositiva, tener convicci\u00f3n respecto de que la Argentina es un pa\u00eds con obligaciones que cumple, pero un pa\u00eds soberano. La determinaci\u00f3n de saber qu\u00e9 se defiende a la hora de negociar y la convicci\u00f3n de saber c\u00f3mo se fijan prioridades&#8221;.<\/p>\n\n\n\n<p>&#8220;En el 2019 -continu\u00f3-, en el altar del ajuste fiscal, <strong>pararon el 70% de las obras y bajaron a 0,4% del producto la inversi\u00f3n p\u00fablica<\/strong> y hoy mientras estamos tratando de ordenar la deuda que Macri tom\u00f3 y fug\u00f3 mantenemos la inversi\u00f3n arriba del 1,65% del producto, generando el nivel m\u00e1s alto de trabajadores de la construcci\u00f3n en los \u00faltimos 15 a\u00f1os de la Argentina&#8221;.<\/p>\n\n\n\n<p>Massa, advirti\u00f3 a &#8220;aquellos que agitan temores, que meten p\u00e1nico porque en la especulaci\u00f3n gana un pesito, que la Argentina va a acordar con el Fondo pero defendiendo una idea de pa\u00eds de desarrollo con inclusi\u00f3n&#8221;.<\/p>\n\n\n\n<p>&#8220;No vamos a resignar nuestra capacidad soberana y tampoco vamos a ir a rendirnos al altar del ajuste fiscal, porque en definitiva el rol del Estado en un pa\u00eds que necesita desarrollarse es fundamental&#8221;, concluy\u00f3 el ministro.<\/p>\n\n\n\n<p><em>Fuente: T\u00e9lam<\/em><\/p>\n","protected":false},"excerpt":{"rendered":"<p>\u201cQu\u00e9 poco patriotas los colegas de la oposici\u00f3n&#8221;, indic\u00f3 el ministro de Econom\u00eda durante un acto que comparti\u00f3 con el gobernador de la Provincia de&hellip; <\/p>\n","protected":false},"author":2,"featured_media":1145,"comment_status":"open","ping_status":"open","sticky":false,"template":"","format":"standard","meta":{"footnotes":""},"categories":[9,5],"tags":[],"class_list":["post-1144","post","type-post","status-publish","format-standard","has-post-thumbnail","hentry","category-destacadas","category-politica"],"_links":{"self":[{"href":"https:\/\/lametro989.com\/index.php?rest_route=\/wp\/v2\/posts\/1144","targetHints":{"allow":["GET"]}}],"collection":[{"href":"https:\/\/lametro989.com\/index.php?rest_route=\/wp\/v2\/posts"}],"about":[{"href":"https:\/\/lametro989.com\/index.php?rest_route=\/wp\/v2\/types\/post"}],"author":[{"embeddable":true,"href":"https:\/\/lametro989.com\/index.php?rest_route=\/wp\/v2\/users\/2"}],"replies":[{"embeddable":true,"href":"https:\/\/lametro989.com\/index.php?rest_route=%2Fwp%2Fv2%2Fcomments&post=1144"}],"version-history":[{"count":1,"href":"https:\/\/lametro989.com\/index.php?rest_route=\/wp\/v2\/posts\/1144\/revisions"}],"predecessor-version":[{"id":1146,"href":"https:\/\/lametro989.com\/index.php?rest_route=\/wp\/v2\/posts\/1144\/revisions\/1146"}],"wp:featuredmedia":[{"embeddable":true,"href":"https:\/\/lametro989.com\/index.php?rest_route=\/wp\/v2\/media\/1145"}],"wp:attachment":[{"href":"https:\/\/lametro989.com\/index.php?rest_route=%2Fwp%2Fv2%2Fmedia&parent=1144"}],"wp:term":[{"taxonomy":"category","embeddable":true,"href":"https:\/\/lametro989.com\/index.php?rest_route=%2Fwp%2Fv2%2Fcategories&post=1144"},{"taxonomy":"post_tag","embeddable":true,"href":"https:\/\/lametro989.com\/index.php?rest_route=%2Fwp%2Fv2%2Ftags&post=1144"}],"curies":[{"name":"wp","href":"https:\/\/api.w.org\/{rel}","templated":true}]}}