{"id":1147,"date":"2023-07-13T20:23:53","date_gmt":"2023-07-13T23:23:53","guid":{"rendered":"https:\/\/lametro989.com\/?p=1147"},"modified":"2023-07-13T20:23:53","modified_gmt":"2023-07-13T23:23:53","slug":"el-presidente-de-newells-en-investigacion-por-una-bandera-de-los-monos","status":"publish","type":"post","link":"https:\/\/lametro989.com\/?p=1147","title":{"rendered":"El presidente de Newell&#8217;s en investigaci\u00f3n por una bandera de &#8220;Los Monos&#8221;"},"content":{"rendered":"\n<p>La bandera en cuesti\u00f3n fue desplegada durante ese partido, en presencia de autoridades pol\u00edticas, diplom\u00e1ticas y figuras del f\u00fatbol como Lionel Messi, \u00c1ngel Dimar\u00eda y el entrenador del seleccionado nacional, Lionel Scaloni.<\/p>\n\n\n\n<figure class=\"wp-block-image size-full\"><img loading=\"lazy\" decoding=\"async\" width=\"870\" height=\"580\" src=\"https:\/\/lametro989.com\/wp-content\/uploads\/2023\/07\/imagen-154.png\" alt=\"\" class=\"wp-image-1148\" srcset=\"https:\/\/lametro989.com\/wp-content\/uploads\/2023\/07\/imagen-154.png 870w, https:\/\/lametro989.com\/wp-content\/uploads\/2023\/07\/imagen-154-300x200.png 300w, https:\/\/lametro989.com\/wp-content\/uploads\/2023\/07\/imagen-154-768x512.png 768w\" sizes=\"auto, (max-width: 870px) 100vw, 870px\" \/><\/figure>\n\n\n\n<p>El presidente del club Newell\u2019s Old Boys de Rosario, Ignacio Astore, qued\u00f3 en medio de la investigaci\u00f3n por el despliegue de una bandera con referencia a la narcobanda \u201cLos Monos\u201d durante el partido de despedida de Maximiliano Rodr\u00edguez, a partir de la difusi\u00f3n de un video que lo mostr\u00f3 en el estadio cuando al d\u00eda siguiente la barrabrava retir\u00f3 \u201cel trapo\u201d.<\/p>\n\n\n\n<p><strong>Por ese hecho fue imputado el martes por el delito de intimidaci\u00f3n p\u00fablica el chofer de una empresa de log\u00edstica que traslad\u00f3 la bandera desde Isidro Casanova, donde se confeccion\u00f3, hasta la cancha de Newell\u2019s el 24 de junio, d\u00eda de la despedida de \u201cLa Fiera\u201d Rodr\u00edguez.<\/strong><\/p>\n\n\n\n<p>Uno de los fiscales del caso, Mat\u00edas Edery, dijo que van a &#8220;investigar toda la cadena de responsabilidades, sobre todo cuando sale la bandera del estadio, porque todo el mundo sab\u00eda de qu\u00e9 se trataba\u201d.<\/p>\n\n\n\n<p><strong>El fiscal agreg\u00f3 en declaraciones a la radio \u201cLa Ocho\u201d de Rosario que \u201ctodas las personas van a ser investigadas y llegado el caso se analizar\u00e1n sus responsabilidades, y si esa responsabilidad es penal, se lo llevar\u00e1 a audiencia imputativa\u201d.<\/strong><\/p>\n\n\n\n<p>Por su parte, el presidente de Newell\u2019s se present\u00f3 esta semana en la fiscal\u00eda, una vez que se hizo p\u00fablico que \u00e9l hab\u00eda estado en el estadio el domingo 25, al d\u00eda siguiente del partido de despedida, y present\u00f3 un escrito a trav\u00e9s de su abogado.<\/p>\n\n\n\n<p>Astore dijo este jueves, tras la difusi\u00f3n del video que lo mostr\u00f3 en una puerta del estadio mientras la barrabrava retira la bandera de 50 por 50 metros, que \u00e9l fue &#8220;a revisar c\u00f3mo hab\u00eda quedado el estado del campo de juego despu\u00e9s de la despedida de Maxi Rodr\u00edguez\u201d.<\/p>\n\n\n\n<p><strong>La bandera en cuesti\u00f3n fue desplegada durante ese partido, en presencia de autoridades pol\u00edticas, diplom\u00e1ticas y figuras del f\u00fatbol como Lionel Messi, \u00c1ngel Dimar\u00eda y el entrenador del seleccionado nacional, Lionel Scaloni, quienes participaron del evento organizado por Rodr\u00edguez.<\/strong><\/p>\n\n\n\n<p>La tela de 50 por 50 metros mostraba las im\u00e1genes de un mono, un toro y un pollo, que para los fiscales representaban al jefe de &#8220;Los Monos\u201d, Ariel \u201cGuille\u201d Cantero; Carlos Dami\u00e1n \u201cToro\u201d Escobar y Leandro \u201cPollo\u201d Vinardi.<\/p>\n\n\n\n<p><strong>Los tres est\u00e1n presos cumpliendo condenas por distintas causas en el penal federal de Ezeiza, desde donde conducen el sector dominante de la barrabrava \u201cLeprosa\u201d.<\/strong><\/p>\n\n\n\n<p>\u201cNosotros estamos m\u00e1s all\u00e1 de todo\u201d, dec\u00eda la bandera desplegada durante la despedida.<\/p>\n\n\n\n<p>En tanto, el video que los fiscales pasaron el martes durante la audiencia en la que fue imputado con prisi\u00f3n preventiva el camionero que transport\u00f3 la bandera hasta el club, mostr\u00f3 al presidente Astore llegar con un veh\u00edculo a nombre de su hijo hasta el estadio.<\/p>\n\n\n\n<p>Luego, una imagen revel\u00f3 que estaba apoyado contra una puerta, mientras detr\u00e1s suyo pasaban los barrabravas acarreando la tela para retirarla del estadio, el d\u00eda siguiente a la despedida.<\/p>\n\n\n\n<p><strong>&#8220;Lo que estamos haciendo es deslindar las responsabilidades jur\u00eddicas ya sea de personas que son parte del club, como personal policial o de gente que estuvo ah\u00ed y que pudo favorecer, no digo el ingreso -porque eso pudo ser problem\u00e1tico de controlar-, sino el egreso de la bandera cuando ya toda la ciudad sab\u00eda que se hab\u00eda desplegado esa bandera\u201d, sostuvo Eldery.<\/strong><\/p>\n\n\n\n<p>Por su parte, Astore dijo en declaraciones a Canal 3 de Rosario que le \u201cllama la atenci\u00f3n&#8221; que lo inculpen, aunque admiti\u00f3: &#8220;Es verdad que yo estuve, como muestra el video.&#8221;<\/p>\n\n\n\n<p>\u201cPero yo fui a revisar c\u00f3mo hab\u00eda quedado el estado del campo de juego despu\u00e9s de la despedida de Maxi Rodr\u00edguez\u201d, indic\u00f3 y luego a\u00f1adi\u00f3: &#8220;Yo no tengo poder de polic\u00eda, yo no soy funcionario, no soy fiscal.&#8221;<\/p>\n\n\n\n<p>A su vez, remarc\u00f3 que \u201cen ese momento no hab\u00eda una orden de incautaci\u00f3n de la bandera\u201d.<\/p>\n\n\n\n<p>\u201cYo estoy tranquilo con mi conciencia, por eso me present\u00e9 en forma espont\u00e1nea\u201d, concluy\u00f3.&nbsp;<\/p>\n\n\n\n<p><em>Fuente: T\u00e9lam<\/em><\/p>\n","protected":false},"excerpt":{"rendered":"<p>La bandera en cuesti\u00f3n fue desplegada durante ese partido, en presencia de autoridades pol\u00edticas, diplom\u00e1ticas y figuras del f\u00fatbol como Lionel Messi, \u00c1ngel Dimar\u00eda y&hellip; <\/p>\n","protected":false},"author":2,"featured_media":1148,"comment_status":"open","ping_status":"open","sticky":false,"template":"","format":"standard","meta":{"footnotes":""},"categories":[9,13],"tags":[],"class_list":["post-1147","post","type-post","status-publish","format-standard","has-post-thumbnail","hentry","category-destacadas","category-nacionales"],"_links":{"self":[{"href":"https:\/\/lametro989.com\/index.php?rest_route=\/wp\/v2\/posts\/1147","targetHints":{"allow":["GET"]}}],"collection":[{"href":"https:\/\/lametro989.com\/index.php?rest_route=\/wp\/v2\/posts"}],"about":[{"href":"https:\/\/lametro989.com\/index.php?rest_route=\/wp\/v2\/types\/post"}],"author":[{"embeddable":true,"href":"https:\/\/lametro989.com\/index.php?rest_route=\/wp\/v2\/users\/2"}],"replies":[{"embeddable":true,"href":"https:\/\/lametro989.com\/index.php?rest_route=%2Fwp%2Fv2%2Fcomments&post=1147"}],"version-history":[{"count":1,"href":"https:\/\/lametro989.com\/index.php?rest_route=\/wp\/v2\/posts\/1147\/revisions"}],"predecessor-version":[{"id":1149,"href":"https:\/\/lametro989.com\/index.php?rest_route=\/wp\/v2\/posts\/1147\/revisions\/1149"}],"wp:featuredmedia":[{"embeddable":true,"href":"https:\/\/lametro989.com\/index.php?rest_route=\/wp\/v2\/media\/1148"}],"wp:attachment":[{"href":"https:\/\/lametro989.com\/index.php?rest_route=%2Fwp%2Fv2%2Fmedia&parent=1147"}],"wp:term":[{"taxonomy":"category","embeddable":true,"href":"https:\/\/lametro989.com\/index.php?rest_route=%2Fwp%2Fv2%2Fcategories&post=1147"},{"taxonomy":"post_tag","embeddable":true,"href":"https:\/\/lametro989.com\/index.php?rest_route=%2Fwp%2Fv2%2Ftags&post=1147"}],"curies":[{"name":"wp","href":"https:\/\/api.w.org\/{rel}","templated":true}]}}