{"id":1150,"date":"2023-07-13T20:27:36","date_gmt":"2023-07-13T23:27:36","guid":{"rendered":"https:\/\/lametro989.com\/?p=1150"},"modified":"2023-07-13T20:27:36","modified_gmt":"2023-07-13T23:27:36","slug":"aumenta-el-salario-minimo-y-en-septiembre-llegara-a-los-118-000-pesos","status":"publish","type":"post","link":"https:\/\/lametro989.com\/?p=1150","title":{"rendered":"Aumenta el salario m\u00ednimo y en septiembre llegar\u00e1 a los 118.000 pesos"},"content":{"rendered":"\n<p>El Consejo del Empleo, la Productividad y el Salario M\u00ednimo, Vital y M\u00f3vil acordaron hoy de forma mayoritaria un aumento de ese ingreso del 34% en tres tramos, que llegar\u00e1 a 105.500 pesos este mes, a 112.500 en agosto y a 118.000 en septiembre, lo que fue realzado y calificado como &#8220;muy importante&#8221; por la ministra de Trabajo, Raquel Olmos. El organismo tripartito aprob\u00f3 hoy por mayor\u00eda un aumento del 34% en tres tramos (julio a septiembre), lo que fue rechazado por la CTA Aut\u00f3noma, en tanto la CTA del diputado nacional por el Frente de Todos (FdT) Hugo Yasky se abstuvo en la votaci\u00f3n.<\/p>\n\n\n\n<figure class=\"wp-block-image\"><img decoding=\"async\" src=\"blob:https:\/\/lametro989.com\/9fd6660d-9930-4db9-ad9e-a43cfe5aab38\" alt=\"\"\/><\/figure>\n\n\n\n<p>El incremento del ingreso m\u00ednimo fue aprobado sobre la base del valor vigente a junio \u00faltimo, de 87.987 pesos, confirmaron a T\u00e9lam fuentes gremiales y oficiales. La propuesta final, debatida de forma previa en comisi\u00f3n, fue aprobada por 30 votos, en tanto hubo una abstenci\u00f3n, de la CTA, y un rechazo por &#8220;totalmente insuficiente&#8221;, de la CTAA.<\/p>\n\n\n\n<p>La CGT y las c\u00e1maras patronales hab\u00edan propuesto elevar el salario m\u00ednimo a 118 mil pesos a septiembre pr\u00f3ximo, y coincidieron en plantear un aumento en tres tramos del 20% para este mes, del 8% en agosto y del 6% en septiembre, en tanto la CTA Aut\u00f3noma reclam\u00f3 un 55% en una cuota para el trimestre, con revisi\u00f3n en septiembre.<\/p>\n\n\n\n<p>La propuesta de la central obrera que lideran Hugo Godoy y Ricardo Peidro hubiese elevado el m\u00ednimo a 135 mil pesos, a la vez que la CTA de Yasky demand\u00f3 una mejora que subiese el ingreso a 128.291 pesos, con revisi\u00f3n, a partir de un incremento del 26,2% en julio, del 9,5% en agosto y del 10,2% en septiembre,<\/p>\n\n\n\n<p>Los empresarios, si bien coincidieron con los \u00edndices planteados por la CGT de H\u00e9ctor Daer, Carlos Acu\u00f1a y Pablo Moyano, en principio reclamaron que el incremento se aplicase sobre los valores de marzo y no de junio, lo que finalmente fue desechado, ya que esa postura hubiese ubicado el m\u00ednimo en 111.600 pesos.<\/p>\n\n\n\n<p>Las diferentes comisiones t\u00e9cnicas deliberaron de forma virtual desde las 14, luego de lo cual comenz\u00f3 la sesi\u00f3n plenaria para determinar los nuevos montos de ese ingreso y de las prestaciones m\u00ednima y m\u00e1xima por desempleo, luego de la \u00faltima sesi\u00f3n del 21 de marzo, que decidi\u00f3 en tres tramos un monto final de casi 88 mil pesos.<\/p>\n\n\n\n<p>El Gobierno nacional, las tres centrales obreras y las c\u00e1maras debatieron en el contexto de la nueva convocatoria de la cartera laboral que encabeza la ministra Olmos, y participaron empresarios y sindicalistas de la CGT, la CTA y su par Aut\u00f3noma.<\/p>\n\n\n\n<p>La Central de los Trabajadores de la Argentina Aut\u00f3noma, al mando del estatal Godoy y del visitador m\u00e9dico Peidro, y varias organizaciones sociales se hab\u00edan movilizado hoy en reclamo de un aumento del m\u00ednimo que supere a la inflaci\u00f3n.<\/p>\n\n\n\n<p>Durante todo el fin de semana la CGT y la Central de los Trabajadores Argentinos de Yasky mantuvieron conversaciones en procura de participar en el encuentro con &#8220;una propuesta com\u00fan&#8221;, seg\u00fan dijo a T\u00e9lam el legislador, pero no fue posible, mientras la CTAA plante\u00f3 que, en realidad, &#8220;el m\u00ednimo deber\u00eda ubicarse hoy en 233 mil pesos, lo que implicar\u00eda una mejora del 170%, no posible hoy, con revisi\u00f3n en septiembre pr\u00f3ximo&#8221;.<\/p>\n\n\n\n<p>El m\u00ednimo hab\u00eda sido fijado el 21 de marzo \u00faltimo, por lo que desde el 1\u00b0 de abril fue de 80.342 pesos, en mayo aument\u00f3 a 84.512 y, en junio, a 87.987 pesos, sobre la base del acuerdo entre las partes de elevarlo en tres tramos de 15,6%, 6% y 5%.<\/p>\n\n\n\n<p>La CGT se\u00f1al\u00f3 su &#8220;satisfacci\u00f3n&#8221; por el acuerdo logrado nuevamente hoy y sostuvo que fue un convenio de partes trimestral, por lo que ser\u00e1 revisado a su conclusi\u00f3n, mientras la central de Yasky se abstuvo al reclamar un monto e \u00edndices mayores a los pactados.<\/p>\n\n\n\n<p>La CTAA rechaz\u00f3 hoy otra vez el acuerdo -ratificando su posici\u00f3n hist\u00f3rica-; y sostuvo en un documento &#8220;la necesidad de establecer una canasta b\u00e1sica de referencia como plantea la ley y de construir instrumentos que incorporen a los trabajadores que no acceden al m\u00ednimo, como estatales municipales, rurales y de casas particulares&#8221;. Godoy asegur\u00f3 que es preciso avanzar hacia un salario m\u00ednimo que se ubique al menos en 233 mil pesos, y rechaz\u00f3 el acuerdo porque &#8220;no contuvo las propuestas de la CTAA&#8221;. Las partes aprobaron el nuevo monto del m\u00ednimo por 30 votos a favor, una abstenci\u00f3n y un rechazo y convinieron revisar el acuerdo en septiembre para el \u00faltimo trimestre.<\/p>\n\n\n\n<p><em>Fuente: T\u00e9lam<\/em><\/p>\n","protected":false},"excerpt":{"rendered":"<p>El Consejo del Empleo, la Productividad y el Salario M\u00ednimo, Vital y M\u00f3vil acordaron hoy de forma mayoritaria un aumento de ese ingreso del 34%&hellip; <\/p>\n","protected":false},"author":2,"featured_media":1151,"comment_status":"open","ping_status":"open","sticky":false,"template":"","format":"standard","meta":{"footnotes":""},"categories":[9,13],"tags":[],"class_list":["post-1150","post","type-post","status-publish","format-standard","has-post-thumbnail","hentry","category-destacadas","category-nacionales"],"_links":{"self":[{"href":"https:\/\/lametro989.com\/index.php?rest_route=\/wp\/v2\/posts\/1150","targetHints":{"allow":["GET"]}}],"collection":[{"href":"https:\/\/lametro989.com\/index.php?rest_route=\/wp\/v2\/posts"}],"about":[{"href":"https:\/\/lametro989.com\/index.php?rest_route=\/wp\/v2\/types\/post"}],"author":[{"embeddable":true,"href":"https:\/\/lametro989.com\/index.php?rest_route=\/wp\/v2\/users\/2"}],"replies":[{"embeddable":true,"href":"https:\/\/lametro989.com\/index.php?rest_route=%2Fwp%2Fv2%2Fcomments&post=1150"}],"version-history":[{"count":1,"href":"https:\/\/lametro989.com\/index.php?rest_route=\/wp\/v2\/posts\/1150\/revisions"}],"predecessor-version":[{"id":1152,"href":"https:\/\/lametro989.com\/index.php?rest_route=\/wp\/v2\/posts\/1150\/revisions\/1152"}],"wp:featuredmedia":[{"embeddable":true,"href":"https:\/\/lametro989.com\/index.php?rest_route=\/wp\/v2\/media\/1151"}],"wp:attachment":[{"href":"https:\/\/lametro989.com\/index.php?rest_route=%2Fwp%2Fv2%2Fmedia&parent=1150"}],"wp:term":[{"taxonomy":"category","embeddable":true,"href":"https:\/\/lametro989.com\/index.php?rest_route=%2Fwp%2Fv2%2Fcategories&post=1150"},{"taxonomy":"post_tag","embeddable":true,"href":"https:\/\/lametro989.com\/index.php?rest_route=%2Fwp%2Fv2%2Ftags&post=1150"}],"curies":[{"name":"wp","href":"https:\/\/api.w.org\/{rel}","templated":true}]}}