{"id":1153,"date":"2023-07-13T20:34:04","date_gmt":"2023-07-13T23:34:04","guid":{"rendered":"https:\/\/lametro989.com\/?p=1153"},"modified":"2023-07-13T20:34:04","modified_gmt":"2023-07-13T23:34:04","slug":"detectaron-masiva-explotacion-laboral-en-ong-remar","status":"publish","type":"post","link":"https:\/\/lametro989.com\/?p=1153","title":{"rendered":"Detectaron masiva explotaci\u00f3n laboral en ONG Remar"},"content":{"rendered":"\n<p>En las sedes de REMAR de seis provincias, se detectaron indicios de explotaci\u00f3n laboral y medio centenar de personas fueron rescatadas de situaciones en donde se verificaron serias condiciones de vulnerabilidad.<\/p>\n\n\n\n<figure class=\"wp-block-image size-full\"><img loading=\"lazy\" decoding=\"async\" width=\"770\" height=\"1024\" src=\"https:\/\/lametro989.com\/wp-content\/uploads\/2023\/07\/imagen-156.png\" alt=\"\" class=\"wp-image-1154\" srcset=\"https:\/\/lametro989.com\/wp-content\/uploads\/2023\/07\/imagen-156.png 770w, https:\/\/lametro989.com\/wp-content\/uploads\/2023\/07\/imagen-156-226x300.png 226w, https:\/\/lametro989.com\/wp-content\/uploads\/2023\/07\/imagen-156-768x1021.png 768w\" sizes=\"auto, (max-width: 770px) 100vw, 770px\" \/><\/figure>\n\n\n\n<p>El pasado martes se realizaron <strong>38 allanamientos simult\u00e1neos en las provincias de San Luis, C\u00f3rdoba, Entre R\u00edos, Santa Fe, Mendoza y Provincia y Ciudad de Buenos Aires<\/strong> dispuestos por el juzgado Federal de San Luis <strong>a diferentes sedes de la organizaci\u00f3n REMAR<\/strong> -recuperaci\u00f3n de marginados-, que presuntamente asiste a personas en procesos de rehabilitaci\u00f3n de adicciones y consumos problem\u00e1ticos, v\u00edctimas de violencia de g\u00e9nero y, en algunos casos, acogen a v\u00edctimas de trata rescatadas de operativos judiciales.<\/p>\n\n\n\n<p>Luego de una larga investigaci\u00f3n llevada adelante por el fiscal Federal Cristian Rachid y de los fiscales Marcelo Colombo y Alejandra Mangano de PROTEX, operativizada por la Gendarmer\u00eda Nacional, se detectaron fuertes indicios de que en la instituci\u00f3n hab\u00eda situaciones de explotaci\u00f3n laboral e irregularidades patrimoniales.<\/p>\n\n\n\n<p>En los allanamientos participaron Gendarmer\u00eda Nacional, \u00e1reas especializadas de Polic\u00eda Federal, el Programa Nacional de Rescate y Acompa\u00f1amiento a Perdonas Damnificadas por el delito de trata dependiente del Ministerio de Justicia y Derechos Humanos de la Naci\u00f3n y la Direcci\u00f3n Operativa del Comit\u00e9 Ejecutivo de lucha contra la trata y explotaci\u00f3n de personas y para la protecci\u00f3n y asistencia a las v\u00edctimas.<\/p>\n\n\n\n<p><strong>En los operativos verificaron m\u00faltiples y diversos indicadores de explotaci\u00f3n laboral sobre la mayor\u00eda de las 498 personas acogidas en las sedes de REMAR<\/strong>, ya que les impon\u00edan extenuantes jornadas de trabajo sin ninguna paga en diversos rubros como la venta ambulante, alba\u00f1iler\u00eda, carpinter\u00eda, tareas de cosecha, reparaci\u00f3n de veh\u00edculos, tareas dom\u00e9sticas y de cuidado, entre otras.<\/p>\n\n\n\n<p>Los delegados y delegadas de la Direcci\u00f3n Operativa del Comit\u00e9 Ejecutivo de lucha contra la Trata y Explotaci\u00f3n de Personas que participaron en los diferentes operativos, informaron que en aquellos domicilios donde se hallaron personas acogidas, se verificaron indicadores de vulnerabilidad por razones de salud, edad, econ\u00f3micas, violencia de g\u00e9nero, adicciones, entre otras.<\/p>\n\n\n\n<p>Asimismo, afirmaron que en la mayor\u00eda de los casos, las personas entrevistadas no eran oriundas de la provincia donde se encontraban <strong>y en varios casos se les reten\u00eda los tel\u00e9fonos celulares, documentos personales y\/o tarjetas de d\u00e9bito para la posterior apropiaci\u00f3n de beneficios sociales asignados.<\/strong><\/p>\n\n\n\n<p>Por otra parte, indicaron que las principales actividades econ\u00f3micas de la organizaci\u00f3n est\u00e1n relacionadas con la <strong>venta ambulante, venta de muebles, carpinter\u00eda, mec\u00e1nica, construcci\u00f3n, tareas dom\u00e9sticas<\/strong>.<\/p>\n\n\n\n<p>En varios establecimientos se <strong>encontraron familias con sus hijos y en algunos, menores de edad trasladados sin autorizaci\u00f3n de sus padres<\/strong>. Adem\u00e1s, en todos los casos las personas entrevistadas manifestaron realizar tareas para la organizaci\u00f3n sin paga alguna y de largas jornadas laborales.<\/p>\n\n\n\n<p>En todos los casos las personas <strong>con alguna enfermedad o discapacidad manifestaron NO recibir atenci\u00f3n m\u00e9dica, psicol\u00f3gica ni farmacol\u00f3gica<\/strong> por parte de los responsables de la organizaci\u00f3n, pero s\u00ed que se estaban rehabilitando de alguna adicci\u00f3n.<\/p>\n\n\n\n<figure class=\"wp-block-image\"><img decoding=\"async\" src=\"https:\/\/agenciafoco.com.ar\/media\/cache\/quality\/uploads\/noticias\/64b08519ab150612165466.jpeg\" alt=\"\"\/><\/figure>\n\n\n\n<p>Adem\u00e1s, en varios domicilios se encontraron grandes sumas de dinero en efectivo (moneda nacional y extranjera) y t\u00edtulos de veh\u00edculos.<\/p>\n\n\n\n<p>Durante los procedimientos, varias personas expresaron su intenci\u00f3n de abandonar el establecimiento allanado, motivo por el cual el Comit\u00e9 Ejecutivo articul\u00f3 con los puntos focales provinciales (Mendoza \u2013 C\u00f3rdoba) la reubicaci\u00f3n transitoria y el traslado a su provincia de origen donde se encuentran sus familiares.<\/p>\n\n\n\n<p>En virtud de la todo lo descubierto durante el allanamiento, y como las instalaciones eran precarias o con hacinamiento, el juez federal Juan Esteban Maqueda dispuso la intervenci\u00f3n de las sedes allanadas, designando a veedores de los gobiernos provinciales respectivos y con el acompa\u00f1amiento de la Direcci\u00f3n de Salud Mental del Ministerio de Salud de la Naci\u00f3n.<\/p>\n\n\n\n<p>De esta manera, las v\u00edctimas que deseaban retirarse quedaron a cargo del Programa Nacional de Rescate y Acompa\u00f1amiento de V\u00edctimas Damnificadas por el Delito de Trata de Personas del Ministerio de Justicia y Derechos Humanos, las que por diferentes motivos no pod\u00edan retornar a sus hogares, bajo la supervisi\u00f3n de los veedores, mientras <strong>que siete ciudadanos imputados fueron notificados de prohibici\u00f3n de salida del pa\u00eds y de acercamiento a los lugares allanados.<\/strong><\/p>\n","protected":false},"excerpt":{"rendered":"<p>En las sedes de REMAR de seis provincias, se detectaron indicios de explotaci\u00f3n laboral y medio centenar de personas fueron rescatadas de situaciones en donde&hellip; <\/p>\n","protected":false},"author":2,"featured_media":1154,"comment_status":"open","ping_status":"open","sticky":false,"template":"","format":"standard","meta":{"footnotes":""},"categories":[9,13],"tags":[],"class_list":["post-1153","post","type-post","status-publish","format-standard","has-post-thumbnail","hentry","category-destacadas","category-nacionales"],"_links":{"self":[{"href":"https:\/\/lametro989.com\/index.php?rest_route=\/wp\/v2\/posts\/1153","targetHints":{"allow":["GET"]}}],"collection":[{"href":"https:\/\/lametro989.com\/index.php?rest_route=\/wp\/v2\/posts"}],"about":[{"href":"https:\/\/lametro989.com\/index.php?rest_route=\/wp\/v2\/types\/post"}],"author":[{"embeddable":true,"href":"https:\/\/lametro989.com\/index.php?rest_route=\/wp\/v2\/users\/2"}],"replies":[{"embeddable":true,"href":"https:\/\/lametro989.com\/index.php?rest_route=%2Fwp%2Fv2%2Fcomments&post=1153"}],"version-history":[{"count":1,"href":"https:\/\/lametro989.com\/index.php?rest_route=\/wp\/v2\/posts\/1153\/revisions"}],"predecessor-version":[{"id":1155,"href":"https:\/\/lametro989.com\/index.php?rest_route=\/wp\/v2\/posts\/1153\/revisions\/1155"}],"wp:featuredmedia":[{"embeddable":true,"href":"https:\/\/lametro989.com\/index.php?rest_route=\/wp\/v2\/media\/1154"}],"wp:attachment":[{"href":"https:\/\/lametro989.com\/index.php?rest_route=%2Fwp%2Fv2%2Fmedia&parent=1153"}],"wp:term":[{"taxonomy":"category","embeddable":true,"href":"https:\/\/lametro989.com\/index.php?rest_route=%2Fwp%2Fv2%2Fcategories&post=1153"},{"taxonomy":"post_tag","embeddable":true,"href":"https:\/\/lametro989.com\/index.php?rest_route=%2Fwp%2Fv2%2Ftags&post=1153"}],"curies":[{"name":"wp","href":"https:\/\/api.w.org\/{rel}","templated":true}]}}