{"id":1159,"date":"2023-07-13T20:43:16","date_gmt":"2023-07-13T23:43:16","guid":{"rendered":"https:\/\/lametro989.com\/?p=1159"},"modified":"2023-07-13T20:43:16","modified_gmt":"2023-07-13T23:43:16","slug":"los-frentones-38-familias-cumplieron-el-sueno-de-la-casa-propia","status":"publish","type":"post","link":"https:\/\/lametro989.com\/?p=1159","title":{"rendered":"Los Frentones: 38 familias cumplieron el sue\u00f1o de la casa propia"},"content":{"rendered":"\n<p>Las viviendas fueron construidas a trav\u00e9s del Instituto Provincial de Desarrollo Urbano y Viviendas y del Instituto de Agricultura Familiar y Econom\u00eda Popular. Durante los tres mandatos constitucionales de Capitanich, ser\u00e1n 75.000 las soluciones habitacionales concretadas en todo el \u00e1mbito provincial.<\/p>\n\n\n\n<figure class=\"wp-block-image size-full\"><img loading=\"lazy\" decoding=\"async\" width=\"810\" height=\"645\" src=\"https:\/\/lametro989.com\/wp-content\/uploads\/2023\/07\/imagen-158.png\" alt=\"\" class=\"wp-image-1160\" srcset=\"https:\/\/lametro989.com\/wp-content\/uploads\/2023\/07\/imagen-158.png 810w, https:\/\/lametro989.com\/wp-content\/uploads\/2023\/07\/imagen-158-300x239.png 300w, https:\/\/lametro989.com\/wp-content\/uploads\/2023\/07\/imagen-158-768x612.png 768w\" sizes=\"auto, (max-width: 810px) 100vw, 810px\" \/><\/figure>\n\n\n\n<p>Avanzando con acciones para garantizar el derecho a una casa adecuada y un techo digno, en el mediod\u00eda de este jueves, el gobernador Jorge Capitanich entreg\u00f3 38 viviendas a familias de Los Frentones, en el marco del plan de obras que se ejecuta en toda la provincia. \u201cEn tres mandatos constitucionales, en todo el \u00e1mbito provincial, estaremos llegando a las 75.000 soluciones habitacionales\u201d, grafic\u00f3 el mandatario provincial durante la jornada.<\/p>\n\n\n\n<p>\u201cEntregar la llave de la casa propia a una familia, es cumplir con un derecho esencial y dejar un legado para las futuras generaciones\u201d, destac\u00f3 el gobernador, quien estuvo acompa\u00f1ado de la intendenta Anah\u00ed G\u00f3mez; el presidente del Instituto Provincial de Desarrollo Urbano y Viviendas (Ipduv), Diego Ar\u00e9valo; y el presidente de Instituto de Agricultura Familiar y Econom\u00eda Popular (Iafep), Mauro Andi\u00f3n.<\/p>\n\n\n\n<p>Con una inversi\u00f3n superior a los 646 millones de pesos, las 38 viviendas fueron ejecutadas a trav\u00e9s del programa Casa Propia Construir Futuro; en tanto que dos de ellas fueron gestionadas a trav\u00e9s del programa Potenciar Trabajo con una inversi\u00f3n cercana a los cuatro millones de pesos.<\/p>\n\n\n\n<figure class=\"wp-block-image\"><img decoding=\"async\" src=\"https:\/\/agenciafoco.com.ar\/media\/cache\/quality\/uploads\/noticias\/64b07c44665c2748774684.jpg\" alt=\"\"\/><\/figure>\n\n\n\n<p>Con cada vivienda, se entreg\u00f3 una biblioteca a cada familia, con 14 t\u00edtulos impresos de diferentes g\u00e9neros (antolog\u00edas de ficci\u00f3n, gu\u00edas y manuales y libros de corte hist\u00f3rico institucional) en el marco del programa Libros y Casas del Ministerio de Cultura de la Naci\u00f3n y un \u00e1rbol para favorecer el desarrollo de la sostenibilidad ambiental a trav\u00e9s del arbolado urbano. \u201cPorque el derecho a la lectura es parte de nuestro plan de desarrollo cultural y educativo; y porque el arbolado urbano es fundamental para promover la sostenibilidad ambiental\u201d, se\u00f1al\u00f3 el gobernador.<\/p>\n\n\n\n<p>Las obras se inauguraron con acceso vehicular, ductos de calle, red peatonal, desag\u00fces pluviales, red el\u00e9ctrica de baja tensi\u00f3n, alumbrado p\u00fablico y red de agua potable.<\/p>\n\n\n\n<h3 class=\"wp-block-heading\">M\u00e1s obras y el fuerte impacto en la generaci\u00f3n de empleo<\/h3>\n\n\n\n<figure class=\"wp-block-image\"><img decoding=\"async\" src=\"https:\/\/agenciafoco.com.ar\/media\/cache\/quality\/uploads\/noticias\/64b07c4466ee0592815235.jpg\" alt=\"\"\/><\/figure>\n\n\n\n<p>Capitanich adelant\u00f3 que est\u00e1n pendientes de aprobaci\u00f3n la construcci\u00f3n de otras 40 viviendas m\u00e1s para la localidad. Adem\u00e1s, resalt\u00f3 la ejecuci\u00f3n de obras en la localidad como el nuevo hospital, pavimento urbano, la ruta 16 e intervenciones en infraestructura escolar.<\/p>\n\n\n\n<p>Asimismo, adelant\u00f3 que se est\u00e1 trabajando para que antes de septiembre el acueducto llegue a Los Frentones. \u201cEl impacto de esa mega obra implicar\u00e1 un antes y un despu\u00e9s en la vida de la localidad\u201d, se\u00f1al\u00f3, al tiempo que ya se est\u00e1n ejecutando los trabajos de red domiciliaria y pr\u00f3ximamente \u201ctoda la comunidad podr\u00e1 estar conectada a la red de agua potable\u201d.<\/p>\n\n\n\n<p>Por \u00faltimo, Capitanich destac\u00f3 la generaci\u00f3n de empleo que se propicia en la industria de la construcci\u00f3n. \u201cSe generan trabajos para alba\u00f1iles, ayudantes, capataces y hay proveedores, entre otros oficios, lo cual permite dinamizar la actividad econ\u00f3mica\u201d.<\/p>\n\n\n\n<h3 class=\"wp-block-heading\">M\u00e1s viviendas para m\u00e1s derechos<\/h3>\n\n\n\n<figure class=\"wp-block-image\"><img decoding=\"async\" src=\"https:\/\/agenciafoco.com.ar\/media\/cache\/quality\/uploads\/noticias\/64b07c4467847302564639.jpg\" alt=\"\"\/><\/figure>\n\n\n\n<p>Por su parte, el titular del Instituto de Desarrollo Urbano y Viviendas, Diego Ar\u00e9valo destac\u00f3 las 20 viviendas que ya se hab\u00edan construido al principio de la gesti\u00f3n y \u00e9stas 38 que se sumaron el jueves. \u201cVamos a seguir trabajando porque sabemos que hay necesidades habitacionales; y hoy estamos junto con Mauro Andi\u00f3n que es presidente del Iafep y que tambi\u00e9n viene trabajando en soluciones habitacionales, porque es posible seguir construyendo juntos y vamos a seguir haci\u00e9ndolo\u201d, se\u00f1al\u00f3.<\/p>\n\n\n\n<p>Asimismo, Ar\u00e9valo destac\u00f3 que el Gobierno provincial tiene la sensibilidad de entender la dificultad de acceso a la vivienda, \u201cpero adem\u00e1s de esa sensibilidad, tiene la capacidad de hacer las obras para que las familias tengan su techo propio. Un ejemplo es que nuestro gobernador, incansablemente, ha construido viviendas en todas las localidades de la provincia, en este mandato y en los dos anteriores, y seguramente en el pr\u00f3ximo, seguiremos construyendo, viviendas para m\u00e1s chaque\u00f1os y chaque\u00f1as\u201d, dijo.<\/p>\n\n\n\n<p>Por \u00faltimo, Ar\u00e9valo record\u00f3 que \u201cla vivienda es para habitarla, no se vende, no se alquila, es el lugar para cada familia. Ustedes puedan hacer frente a la cuota social, que siempre es mucho m\u00e1s baja que cualquier otra cosa que puedan conseguir, bienvenido sea, porque de esta manera podemos acelerar e ir por aquellos que todav\u00eda nos faltan, mucho m\u00e1s r\u00e1pido\u201d, finaliz\u00f3.<\/p>\n\n\n\n<p>A su turno, la intendenta de Los Frentones, Anah\u00ed G\u00f3mez, salud\u00f3 a las familias beneficiarias y expres\u00f3: \u201cEstamos garantizando un techo digno para todas estas familias\u201d. En esa l\u00ednea, valor\u00f3 el trabajo en conjunto con el gobierno provincial en materia de infraestructura habitacional, y asegur\u00f3: \u201cVamos a seguir dando respuestas a la comunidad, como lo venimos haciendo junto a nuestro gobernador\u201d.<\/p>\n","protected":false},"excerpt":{"rendered":"<p>Las viviendas fueron construidas a trav\u00e9s del Instituto Provincial de Desarrollo Urbano y Viviendas y del Instituto de Agricultura Familiar y Econom\u00eda Popular. Durante los&hellip; <\/p>\n","protected":false},"author":2,"featured_media":1160,"comment_status":"open","ping_status":"open","sticky":false,"template":"","format":"standard","meta":{"footnotes":""},"categories":[9,2],"tags":[],"class_list":["post-1159","post","type-post","status-publish","format-standard","has-post-thumbnail","hentry","category-destacadas","category-provinciales"],"_links":{"self":[{"href":"https:\/\/lametro989.com\/index.php?rest_route=\/wp\/v2\/posts\/1159","targetHints":{"allow":["GET"]}}],"collection":[{"href":"https:\/\/lametro989.com\/index.php?rest_route=\/wp\/v2\/posts"}],"about":[{"href":"https:\/\/lametro989.com\/index.php?rest_route=\/wp\/v2\/types\/post"}],"author":[{"embeddable":true,"href":"https:\/\/lametro989.com\/index.php?rest_route=\/wp\/v2\/users\/2"}],"replies":[{"embeddable":true,"href":"https:\/\/lametro989.com\/index.php?rest_route=%2Fwp%2Fv2%2Fcomments&post=1159"}],"version-history":[{"count":1,"href":"https:\/\/lametro989.com\/index.php?rest_route=\/wp\/v2\/posts\/1159\/revisions"}],"predecessor-version":[{"id":1161,"href":"https:\/\/lametro989.com\/index.php?rest_route=\/wp\/v2\/posts\/1159\/revisions\/1161"}],"wp:featuredmedia":[{"embeddable":true,"href":"https:\/\/lametro989.com\/index.php?rest_route=\/wp\/v2\/media\/1160"}],"wp:attachment":[{"href":"https:\/\/lametro989.com\/index.php?rest_route=%2Fwp%2Fv2%2Fmedia&parent=1159"}],"wp:term":[{"taxonomy":"category","embeddable":true,"href":"https:\/\/lametro989.com\/index.php?rest_route=%2Fwp%2Fv2%2Fcategories&post=1159"},{"taxonomy":"post_tag","embeddable":true,"href":"https:\/\/lametro989.com\/index.php?rest_route=%2Fwp%2Fv2%2Ftags&post=1159"}],"curies":[{"name":"wp","href":"https:\/\/api.w.org\/{rel}","templated":true}]}}