{"id":1162,"date":"2023-07-13T20:47:06","date_gmt":"2023-07-13T23:47:06","guid":{"rendered":"https:\/\/lametro989.com\/?p=1162"},"modified":"2023-07-13T20:47:06","modified_gmt":"2023-07-13T23:47:06","slug":"ricardo-osuna-quiero-saber-si-las-pruebas-son-legales","status":"publish","type":"post","link":"https:\/\/lametro989.com\/?p=1162","title":{"rendered":"Ricardo Osuna: \u201cQuiero saber si las pruebas son legales\u201d"},"content":{"rendered":"\n<p>El abogado resalt\u00f3 que la defensa apunta a conocer c\u00f3mo fue la cadena de custodia de estas pruebas, y desde ah\u00ed analizar \u201chacia atr\u00e1s\u201d. \u201cTenemos que conocer c\u00f3mo surge el dato del hallazgo de esos elementos\u201d, explic\u00f3 sobre los muebles y el colch\u00f3n sobre los cuales fueron hechas las pericias. Adem\u00e1s, confirm\u00f3 que ya hicieron algunos planteos de nulidades en la causa.<\/p>\n\n\n\n<figure class=\"wp-block-image size-full\"><img loading=\"lazy\" decoding=\"async\" width=\"836\" height=\"467\" src=\"https:\/\/lametro989.com\/wp-content\/uploads\/2023\/07\/imagen-159.png\" alt=\"\" class=\"wp-image-1163\" srcset=\"https:\/\/lametro989.com\/wp-content\/uploads\/2023\/07\/imagen-159.png 836w, https:\/\/lametro989.com\/wp-content\/uploads\/2023\/07\/imagen-159-300x168.png 300w, https:\/\/lametro989.com\/wp-content\/uploads\/2023\/07\/imagen-159-768x429.png 768w\" sizes=\"auto, (max-width: 836px) 100vw, 836px\" \/><\/figure>\n\n\n\n<p>El abogado Ricardo Osuna, defensor de C\u00e9sar y Emerenciano Sena, dijo hoy que \u201cno son una prueba contundente\u201d los resultados de muestras hem\u00e1ticas obtenidos por el Instituto de Medicina y Ciencias Forenses (IMCyF) sobre muebles que habr\u00edan sido donados por la familia d\u00edas despu\u00e9s de la desaparici\u00f3n de Cecilia Strzyzowski y que, cotejados con el perfil gen\u00e9tico de su familia, dieron una compatibilidad del 99,99%.<\/p>\n\n\n\n<p><strong>\u201cVamos a empezar a analizar la obtenci\u00f3n de esa prueba, de d\u00f3nde surge, c\u00f3mo surge y c\u00f3mo la obtiene el Ministerio P\u00fablico Fiscal. Y en base a eso veremos c\u00f3mo seguimos con la estrategia de defensa\u201d, <\/strong>revel\u00f3 el letrado en declaraciones al canal A24.<\/p>\n\n\n\n<p>Acerca de las muestras hem\u00e1ticas de las cuales hoy se conocieron los resultados, el abogado dijo que la defensa quiere conocer c\u00f3mo fue la cadena de custodia, y desde ah\u00ed analizar \u201chacia atr\u00e1s\u201d. \u201cTenemos que conocer c\u00f3mo surge el dato del hallazgo de esos elementos\u201d, explic\u00f3.<\/p>\n\n\n\n<p>\u201cSe allanan una primera vez con una orden de allanamiento, y otras dos veces siguientes con oficios ampliatorios, donde se da la orden de ir e ingresar. Lo mismo con los restos que se fueron encontrando\u201d, plante\u00f3 Osuna sobre lo hecho por la justicia en la casa de la familia Sena y en otras propiedades de la familia, adem\u00e1s del barrio. &nbsp;<\/p>\n\n\n\n<p>Tambi\u00e9n asegur\u00f3 que los elementos peritados \u201cno estaban en la casa\u201d de los Sena. <strong>\u201cSi no estaban en la casa, no les pertenecen\u201d,<\/strong> agreg\u00f3. <strong>\u201cLe pregunt\u00e9 a C\u00e9sar y no me hizo menci\u00f3n sobre que se hubieran sacado esos objetos de la habitaci\u00f3n de la vivienda\u201d,<\/strong> sostuvo.<\/p>\n\n\n\n<p>\u201cYo no fui a ninguna apertura de sobres ni al Instituto de Medicina y Ciencias Forenses. Fueron los otros abogados. Yo estoy esperando los resultados, para comenzar a trabajar en el seguimiento sobre su obtenci\u00f3n. Nosotros <strong>estamos para controlar la legalidad de las pruebas\u201d, <\/strong>resalt\u00f3 Osuna.<\/p>\n\n\n\n<p>En tanto, explic\u00f3 que, tras la notificaci\u00f3n de parte del Equipo Fiscal Especial sobre los resultados de estas pruebas a los imputados, la defensa tiene la oportunidad de <strong>proponer un perito de parte<\/strong>, y deber\u00e1 notificarlo en tres d\u00edas h\u00e1biles. <strong>\u201cTodav\u00eda estamos esperando resultados porque hubo otras muestras de sangre que dieron resultado negativo\u201d,<\/strong> afirm\u00f3.<\/p>\n\n\n\n<h3 class=\"wp-block-heading\">Planteos de nulidad<\/h3>\n\n\n\n<p>En tanto, Osuna confirm\u00f3 que fueron presentados planteos de nulidad sobre las declaraciones testimoniales de Marcela y de C\u00e9sar, siendo sospechados de la autor\u00eda del hecho, y previo a ser detenidos e imputados en el hecho. \u201cEl Ministerio P\u00fablico Fiscal avanz\u00f3 con la toma de esas testimoniales y al otro d\u00eda les pidi\u00f3 la declaraci\u00f3n como imputados\u201d, dijo.<\/p>\n\n\n\n<p>Asimismo, insisti\u00f3 en que \u201cla participaci\u00f3n de Emerenciano y Marcela no est\u00e1 acreditada por ning\u00fan medio\u201d. \u201cBriend (abogado querellante) nunca supo explicar cu\u00e1l era la prueba contra ellos\u201d, agreg\u00f3.<\/p>\n\n\n\n<h3 class=\"wp-block-heading\">\u00bfCu\u00e1ndo declarar\u00e1 C\u00e9sar Sena?<\/h3>\n\n\n\n<figure class=\"wp-block-image\"><img decoding=\"async\" src=\"https:\/\/agenciafoco.com.ar\/media\/cache\/quality\/uploads\/noticias\/64b073149c5ca883429063.jpg\" alt=\"\"\/><\/figure>\n\n\n\n<p>Por \u00faltimo, el abogado estim\u00f3 que su defendido, C\u00e9sar Sena podr\u00eda declarar reci\u00e9n en la etapa del juicio, y espec\u00edficamente arriesg\u00f3 que podr\u00eda ser \u201cantes del veredicto del jurado\u201d, ya que la modalidad confirmada para juzgar ser\u00e1 el juicio por jurados.<\/p>\n\n\n\n<p>\u201cDesde el primer momento dije que \u00e9l no est\u00e1 preso por si declara o no declara. Parece que es una necesidad de la prensa y de la opini\u00f3n p\u00fablica, pero es un derecho que tiene (como imputado)\u201d, explic\u00f3.<\/p>\n\n\n\n<p>Finalmente, el abogado dijo que no pudo asumir las defensas de toda la familia Sena (C\u00e9sar, Emerenciano y Marcela)<strong> \u201cpor una ocurrencia de la fiscal\u00eda\u201d. \u201cTienen ganas de que nosotros no sigamos adelante con la defensa\u201d,<\/strong> afirm\u00f3, y agreg\u00f3: \u201cHay un derecho constitucional de designar un defensor de confianza. Marcela, antes de cambiar de defensor y de que le vuelvan a designar un defensor oficial, me llam\u00f3, me acerqu\u00e9 a la comisar\u00eda y en principio no quer\u00eda que la defendiera otro abogado que no fuera yo. Pero la pude hacer entrar en raz\u00f3n, y coordinamos en que la defender\u00eda una abogada de mi estudio\u201d.<\/p>\n","protected":false},"excerpt":{"rendered":"<p>El abogado resalt\u00f3 que la defensa apunta a conocer c\u00f3mo fue la cadena de custodia de estas pruebas, y desde ah\u00ed analizar \u201chacia atr\u00e1s\u201d. \u201cTenemos&hellip; <\/p>\n","protected":false},"author":2,"featured_media":1163,"comment_status":"open","ping_status":"open","sticky":false,"template":"","format":"standard","meta":{"footnotes":""},"categories":[2],"tags":[],"class_list":["post-1162","post","type-post","status-publish","format-standard","has-post-thumbnail","hentry","category-provinciales"],"_links":{"self":[{"href":"https:\/\/lametro989.com\/index.php?rest_route=\/wp\/v2\/posts\/1162","targetHints":{"allow":["GET"]}}],"collection":[{"href":"https:\/\/lametro989.com\/index.php?rest_route=\/wp\/v2\/posts"}],"about":[{"href":"https:\/\/lametro989.com\/index.php?rest_route=\/wp\/v2\/types\/post"}],"author":[{"embeddable":true,"href":"https:\/\/lametro989.com\/index.php?rest_route=\/wp\/v2\/users\/2"}],"replies":[{"embeddable":true,"href":"https:\/\/lametro989.com\/index.php?rest_route=%2Fwp%2Fv2%2Fcomments&post=1162"}],"version-history":[{"count":1,"href":"https:\/\/lametro989.com\/index.php?rest_route=\/wp\/v2\/posts\/1162\/revisions"}],"predecessor-version":[{"id":1164,"href":"https:\/\/lametro989.com\/index.php?rest_route=\/wp\/v2\/posts\/1162\/revisions\/1164"}],"wp:featuredmedia":[{"embeddable":true,"href":"https:\/\/lametro989.com\/index.php?rest_route=\/wp\/v2\/media\/1163"}],"wp:attachment":[{"href":"https:\/\/lametro989.com\/index.php?rest_route=%2Fwp%2Fv2%2Fmedia&parent=1162"}],"wp:term":[{"taxonomy":"category","embeddable":true,"href":"https:\/\/lametro989.com\/index.php?rest_route=%2Fwp%2Fv2%2Fcategories&post=1162"},{"taxonomy":"post_tag","embeddable":true,"href":"https:\/\/lametro989.com\/index.php?rest_route=%2Fwp%2Fv2%2Ftags&post=1162"}],"curies":[{"name":"wp","href":"https:\/\/api.w.org\/{rel}","templated":true}]}}