{"id":1165,"date":"2023-07-13T20:55:20","date_gmt":"2023-07-13T23:55:20","guid":{"rendered":"https:\/\/lametro989.com\/?p=1165"},"modified":"2023-07-13T20:55:20","modified_gmt":"2023-07-13T23:55:20","slug":"el-gobernador-se-reunio-con-vecinos-de-los-barrios-don-santiago-mapic-cristo-rey-y-chacra-24-de-resistencia","status":"publish","type":"post","link":"https:\/\/lametro989.com\/?p=1165","title":{"rendered":"El Gobernador se reuni\u00f3 con vecinos de los barrios Don Santiago, Mapic, Cristo Rey y Chacra 24 de Resistencia"},"content":{"rendered":"\n<p>Capitanich y funcionarios provinciales atendieron las problem\u00e1ticas y urgencias durante el pasado mi\u00e9rcoles, de los barrios ratificando el compromiso de solucionar cuestiones en materia de seguridad, salud, cloacas, pavimento, y educaci\u00f3n, entre otras.\u00a0<\/p>\n\n\n\n<figure class=\"wp-block-image size-full\"><img loading=\"lazy\" decoding=\"async\" width=\"600\" height=\"480\" src=\"https:\/\/lametro989.com\/wp-content\/uploads\/2023\/07\/imagen-160.png\" alt=\"\" class=\"wp-image-1166\" srcset=\"https:\/\/lametro989.com\/wp-content\/uploads\/2023\/07\/imagen-160.png 600w, https:\/\/lametro989.com\/wp-content\/uploads\/2023\/07\/imagen-160-300x240.png 300w\" sizes=\"auto, (max-width: 600px) 100vw, 600px\" \/><\/figure>\n\n\n\n<p>El gobernador y funcionarios provinciales atendieron las problem\u00e1ticas y urgencias de los barrios Don Santiago, Mapic, Cristo Rey y Chacra 24, ratificando el compromiso de solucionar cuestiones en materia de seguridad, salud, cloacas, pavimento, y educaci\u00f3n, entre otras.<\/p>\n\n\n\n<p>Continuando con su agenda de recorridos barriales para escuchar y atender las problem\u00e1ticas vecinales de distintas zonas de Resistencia, el gobernador Jorge Capitanich se reuni\u00f3 este mi\u00e9rcoles por la tarde con vecinas y vecinos de los barrios Don Santiago, Mapic, Cristo Rey, Chacra 24 y zonas aleda\u00f1as. En la oportunidad, deline\u00f3 cuestiones a resolver junto a la comunidad, comprometiendo obras prioritarias que permitan elevar la calidad de vida de vecinos y vecinas del Noroeste capitalino.<\/p>\n\n\n\n<p>\u201cEstamos trabajando para mejorar la calidad de vida de todos los ciudadanos. Pudimos escuchar cuales son las demandas para ponernos trabajar de forma inmediata\u201d, destac\u00f3 el gobernador.<\/p>\n\n\n\n<p>Ante los pedidos de mayor seguridad para las y los estudiantes, iluminaci\u00f3n, cloacas y pavimento, el Jefe del Ejecutivo chaque\u00f1o ratific\u00f3 que las intervenciones se enmarcan en el Plan de Urbanizaci\u00f3n para los pr\u00f3ximos cuatro a\u00f1os, que alcanzar\u00e1 a 600 barrios populares de toda la provincia, con obras de viviendas, veredas, ripio, centros de salud, escuelas, etc. y con una inversi\u00f3n superior a los 1000 millones de d\u00f3lares; as\u00ed como 2500 cuadras de pavimento contempladas en el Plan Quinquenal 2023-2027.<\/p>\n\n\n\n<p>Acompa\u00f1ado por la ministra de Salud P\u00fablica, Carolina Centeno y la subsecretaria de Salud Comunitaria, Entornos Saludables y No Violentos de la cartera sanitaria, Josefina Bittel, el mandatario confirm\u00f3 se implementar\u00e1n mejoras en el sistema de salud de la zona, a partir de consultas electr\u00f3nicas, y control de la provisi\u00f3n de medicamentos, entre otros puntos. Tambi\u00e9n se implementar\u00e1 un operativo de acceso a gestiones del registro civil.<\/p>\n\n\n\n<p>En el marco del encuentro, que tambi\u00e9n cont\u00f3 con la presencia de la Directora de Medios P\u00fablicos de ECOM Chaco, Guillermina Capitanich, la diputada provincial, Mariela Quir\u00f3s, y el concejal Fabricio Bolatti, el Gobernador entreg\u00f3 85 sillas para el Templo evang\u00e9lico Puerta de Alabanza, comprometiendo un aporte de sonido, destacando la importancia del espacio religioso y comunitario para los vecinos y vecinas del barrio.<\/p>\n\n\n\n<p>La referente barrial del primer punto de encuentro, en Chacra 24, Liliana Alfonso, afirm\u00f3 que sent\u00eda \u201calegr\u00eda total\u201d, destacando, especialmente, la importancia de \u201cpoder hablar directamente con el Gobernador\u201d.<\/p>\n\n\n\n<h2 class=\"wp-block-heading\">M\u00e1s pavimento y mejor servicio de energ\u00eda<\/h2>\n\n\n\n<p>Tras el encuentro con vecinos de los Barrios Santiago 1, 2 y 3, Capitanich, atendi\u00f3 el planteo vecinal de referentes de Villa Camila, como ser la pavimentaci\u00f3n de la avenida V\u00e9lez Sarsfield, cuestiones de seguridad y algunas vinculadas al suministro de energ\u00eda.&nbsp;<\/p>\n\n\n\n<p>El gobernador propuso tomar como referencia la autov\u00eda de Ruta 11 y \u201cpavimentar alrededor\u201d, adem\u00e1s de proponer la inmediata definici\u00f3n de un cronograma para concretar dicha obra. Adem\u00e1s, plante\u00f3 que una nueva estaci\u00f3n transformadora en zona Norte tambi\u00e9n beneficiar\u00e1 al barrio; y, destac\u00f3 la compra de 700 veh\u00edculos policiales en el \u00faltimo a\u00f1o para mejorar la seguridad, destacando la importancia de &#8220;optimizar la cadena de formaci\u00f3n para contar con recursos humanos \u00f3ptimos que permitan atender la complejidad de la sociedad\u201d.<\/p>\n\n\n\n<p>Vecinas que participaron del encuentro se mostraron \u201cmuy satisfechas\u201d con el resultado, rescatando el acercamiento del gobernador y su \u201cactitud proactiva\u201d; y Germ\u00e1n vecino del barrio y propietario de la vivienda donde se reunieron, reconoci\u00f3 que quedaron \u201cesperanzados\u201d con la pavimentaci\u00f3n de la avenida V\u00e9lez Sarsfield, celebrando el intercambio de opiniones con el mandatario y confirmando que \u201cse han abordado temas muy importantes\u201d, augurando que \u201cse van a resolver si dios quiere, en t\u00e9rminos perentorios\u201d.<\/p>\n","protected":false},"excerpt":{"rendered":"<p>Capitanich y funcionarios provinciales atendieron las problem\u00e1ticas y urgencias durante el pasado mi\u00e9rcoles, de los barrios ratificando el compromiso de solucionar cuestiones en materia de&hellip; <\/p>\n","protected":false},"author":2,"featured_media":1166,"comment_status":"open","ping_status":"open","sticky":false,"template":"","format":"standard","meta":{"footnotes":""},"categories":[2],"tags":[],"class_list":["post-1165","post","type-post","status-publish","format-standard","has-post-thumbnail","hentry","category-provinciales"],"_links":{"self":[{"href":"https:\/\/lametro989.com\/index.php?rest_route=\/wp\/v2\/posts\/1165","targetHints":{"allow":["GET"]}}],"collection":[{"href":"https:\/\/lametro989.com\/index.php?rest_route=\/wp\/v2\/posts"}],"about":[{"href":"https:\/\/lametro989.com\/index.php?rest_route=\/wp\/v2\/types\/post"}],"author":[{"embeddable":true,"href":"https:\/\/lametro989.com\/index.php?rest_route=\/wp\/v2\/users\/2"}],"replies":[{"embeddable":true,"href":"https:\/\/lametro989.com\/index.php?rest_route=%2Fwp%2Fv2%2Fcomments&post=1165"}],"version-history":[{"count":1,"href":"https:\/\/lametro989.com\/index.php?rest_route=\/wp\/v2\/posts\/1165\/revisions"}],"predecessor-version":[{"id":1167,"href":"https:\/\/lametro989.com\/index.php?rest_route=\/wp\/v2\/posts\/1165\/revisions\/1167"}],"wp:featuredmedia":[{"embeddable":true,"href":"https:\/\/lametro989.com\/index.php?rest_route=\/wp\/v2\/media\/1166"}],"wp:attachment":[{"href":"https:\/\/lametro989.com\/index.php?rest_route=%2Fwp%2Fv2%2Fmedia&parent=1165"}],"wp:term":[{"taxonomy":"category","embeddable":true,"href":"https:\/\/lametro989.com\/index.php?rest_route=%2Fwp%2Fv2%2Fcategories&post=1165"},{"taxonomy":"post_tag","embeddable":true,"href":"https:\/\/lametro989.com\/index.php?rest_route=%2Fwp%2Fv2%2Ftags&post=1165"}],"curies":[{"name":"wp","href":"https:\/\/api.w.org\/{rel}","templated":true}]}}