{"id":1172,"date":"2023-07-14T23:04:24","date_gmt":"2023-07-15T02:04:24","guid":{"rendered":"https:\/\/lametro989.com\/?p=1172"},"modified":"2023-07-14T23:04:24","modified_gmt":"2023-07-15T02:04:24","slug":"carrio-se-corre-de-la-campana-electoral-reposo-total-para-recuperarse-del-accidente-isquemico","status":"publish","type":"post","link":"https:\/\/lametro989.com\/?p=1172","title":{"rendered":"Carri\u00f3 se corre de la campa\u00f1a electoral: reposo total para recuperarse del accidente isqu\u00e9mico"},"content":{"rendered":"\n<p>La l\u00edder de la Coalici\u00f3n C\u00edvica y precandidata a parlamentaria del Mercosur, Elisa Lilita Carri\u00f3, anunci\u00f3 que deber\u00e1 correrse de la campa\u00f1a por algunos meses tras las recomendaciones que le dieron los m\u00e9dicos que la est\u00e1n tratando. \u00bfEl motivo? Hace unos d\u00edas registr\u00f3 un accidente isqu\u00e9mico por el cual la tuvieron que internar.<\/p>\n\n\n\n<figure class=\"wp-block-image size-full\"><img loading=\"lazy\" decoding=\"async\" width=\"696\" height=\"464\" src=\"https:\/\/lametro989.com\/wp-content\/uploads\/2023\/07\/imagen-162.png\" alt=\"\" class=\"wp-image-1173\" srcset=\"https:\/\/lametro989.com\/wp-content\/uploads\/2023\/07\/imagen-162.png 696w, https:\/\/lametro989.com\/wp-content\/uploads\/2023\/07\/imagen-162-300x200.png 300w\" sizes=\"auto, (max-width: 696px) 100vw, 696px\" \/><\/figure>\n\n\n\n<p>Mediante un texto que public\u00f3 en su cuenta de Twitter, Carri\u00f3 dijo que ya se encuentra en su casa y que va a \u201chacer reposo absoluto durante algunos meses\u201d, por lo que la primera decisi\u00f3n fue suspender por 10 d\u00edas todo acto de campa\u00f1a. La recorrida por las localidades de las provincias y el acompa\u00f1amiento de sus candidatos ahora fue suplantada: por tiempo indeterminado no participar\u00e1 de la vida pol\u00edtica en lo que se refiere a acciones p\u00fablicas.<\/p>\n\n\n\n<p>\u201cMuchas gracias a todos los m\u00e9dicos y enfermeras del Sanatorio Esperanza, de Santa Fe, en especial al doctor Lolo que me acompa\u00f1\u00f3 de regreso a Buenos Aires. Muchas gracias, tambi\u00e9n, al personal del Hospital Austral por el cuidado y la discreci\u00f3n\u201d, agreg\u00f3 la ex diputada, en referencia a que pas\u00f3 toda la ma\u00f1ana haci\u00e9ndose estudios en el sanatorio que tiene sede en Pilar.<\/p>\n\n\n\n<p>Carri\u00f3 estuvo esta semana en Santa Fe participando de la campa\u00f1a que llevaban adelante su candidato a gobernador, Eduardo Maradona, y Lucila Lehmann, pre candidata a legisladora provincial. Mientras estaban en un acto en la ciudad de Esperanza, la ex diputada comenz\u00f3 a no sentirse bien por lo que fue trasladada a un nosocomio de esa ciudad en donde estuvo internada en observaci\u00f3n por 24 horas.<\/p>\n\n\n\n<p>La intenci\u00f3n de la precandidata a parlamentaria del Mercosur era retomar la campa\u00f1a luego de las PASO en Santa Fe con dos ejes principales: el primero era acompa\u00f1ar fuerte al diputado Rub\u00e9n Manzi que se presenta como candidato a gobernador de Catamarca y a otros candidatos en el pa\u00eds. El segundo eje tiene que ver con la presencia en la provincia de Buenos Aires, en donde la Coalici\u00f3n C\u00edvica-Ari acompa\u00f1a a Diego Santilli como precandidato a gobernador y a Horacio Rodr\u00edguez Larreta y Gerardo Morales en la f\u00f3rmula presidencial dentro de la interna de Juntos por el Cambio.<\/p>\n\n\n\n<p>Con estas recomendaciones respecto de su estado de salud, lo m\u00e1s probable es que Carri\u00f3 apele a las herramientas tecnol\u00f3gicas para mantener su presencia en la campa\u00f1a electoral e intensifique su presencia en las redes sociales, m\u00e1s teniendo en cuenta que est\u00e1 descartado que participe de alg\u00fan acto de campa\u00f1a.<\/p>\n\n\n\n<p>Por el lado de Juntos por el Cambio los dirigentes a quienes apoya Carri\u00f3 fueron los que mostraron preocupaci\u00f3n sobre su estado de salud, por eso fueron Larreta y Morales quienes llamaron a Maximiliano Ferraro, presidente dela CC-Ari, para interiorizarse.<\/p>\n","protected":false},"excerpt":{"rendered":"<p>La l\u00edder de la Coalici\u00f3n C\u00edvica y precandidata a parlamentaria del Mercosur, Elisa Lilita Carri\u00f3, anunci\u00f3 que deber\u00e1 correrse de la campa\u00f1a por algunos meses&hellip; <\/p>\n","protected":false},"author":2,"featured_media":1173,"comment_status":"open","ping_status":"open","sticky":false,"template":"","format":"standard","meta":{"footnotes":""},"categories":[5],"tags":[],"class_list":["post-1172","post","type-post","status-publish","format-standard","has-post-thumbnail","hentry","category-politica"],"_links":{"self":[{"href":"https:\/\/lametro989.com\/index.php?rest_route=\/wp\/v2\/posts\/1172","targetHints":{"allow":["GET"]}}],"collection":[{"href":"https:\/\/lametro989.com\/index.php?rest_route=\/wp\/v2\/posts"}],"about":[{"href":"https:\/\/lametro989.com\/index.php?rest_route=\/wp\/v2\/types\/post"}],"author":[{"embeddable":true,"href":"https:\/\/lametro989.com\/index.php?rest_route=\/wp\/v2\/users\/2"}],"replies":[{"embeddable":true,"href":"https:\/\/lametro989.com\/index.php?rest_route=%2Fwp%2Fv2%2Fcomments&post=1172"}],"version-history":[{"count":1,"href":"https:\/\/lametro989.com\/index.php?rest_route=\/wp\/v2\/posts\/1172\/revisions"}],"predecessor-version":[{"id":1174,"href":"https:\/\/lametro989.com\/index.php?rest_route=\/wp\/v2\/posts\/1172\/revisions\/1174"}],"wp:featuredmedia":[{"embeddable":true,"href":"https:\/\/lametro989.com\/index.php?rest_route=\/wp\/v2\/media\/1173"}],"wp:attachment":[{"href":"https:\/\/lametro989.com\/index.php?rest_route=%2Fwp%2Fv2%2Fmedia&parent=1172"}],"wp:term":[{"taxonomy":"category","embeddable":true,"href":"https:\/\/lametro989.com\/index.php?rest_route=%2Fwp%2Fv2%2Fcategories&post=1172"},{"taxonomy":"post_tag","embeddable":true,"href":"https:\/\/lametro989.com\/index.php?rest_route=%2Fwp%2Fv2%2Ftags&post=1172"}],"curies":[{"name":"wp","href":"https:\/\/api.w.org\/{rel}","templated":true}]}}