{"id":1176,"date":"2023-07-14T23:07:11","date_gmt":"2023-07-15T02:07:11","guid":{"rendered":"https:\/\/lametro989.com\/?p=1176"},"modified":"2023-07-14T23:07:11","modified_gmt":"2023-07-15T02:07:11","slug":"fallo-a-favor-por-la-ley-de-cupo-a-persona-trans-que-fue-removida-de-la-defensoria-del-pueblo","status":"publish","type":"post","link":"https:\/\/lametro989.com\/?p=1176","title":{"rendered":"Fallo a favor por la ley de cupo a persona trans que fue removida de la Defensor\u00eda del Pueblo"},"content":{"rendered":"\n<p>La Defensor\u00eda del Pueblo deber\u00e1 mantener en su cargo a una persona trans que trabaj\u00f3 en ese organismo con contrato de gabinete entre 2018 y 2020 y tendr\u00e1 que instrumentar el concurso de ingreso para que quienes deseen acceder al cupo preferencial sean evaluados y acrediten los requisitos exigidos.<\/p>\n\n\n\n<figure class=\"wp-block-image size-full\"><img loading=\"lazy\" decoding=\"async\" width=\"696\" height=\"522\" src=\"https:\/\/lametro989.com\/wp-content\/uploads\/2023\/07\/imagen-163.png\" alt=\"\" class=\"wp-image-1177\" srcset=\"https:\/\/lametro989.com\/wp-content\/uploads\/2023\/07\/imagen-163.png 696w, https:\/\/lametro989.com\/wp-content\/uploads\/2023\/07\/imagen-163-300x225.png 300w\" sizes=\"auto, (max-width: 696px) 100vw, 696px\" \/><\/figure>\n\n\n\n<p>As\u00ed lo resolvi\u00f3 la sala cuarta de la C\u00e1mara de Apelaciones Civil y Comercial con la firma de los jueces Fernando He\u00f1in y Diego Derewicki al modificar la sentencia del Juzgado Civil y Comercial 21 de Resistencia.<\/p>\n\n\n\n<p>Los jueces tuvieron en vista la ley provincial 2394-L , conocida como ley de cupo, que, en consonancia con normativa nacional e internacional, promueve la inserci\u00f3n y la participaci\u00f3n en la vida social, econ\u00f3mica, pol\u00edtica y cultural de personas travestis, transexuales y transg\u00e9nero en la Provincia del Chaco, fin en virtud del cual, propicia su contrataci\u00f3n y empleo en organismos p\u00fablicos y\/o privados, procurando superar las desigualdades sociales existentes en ese sentido.<\/p>\n\n\n\n<p>Los jueces se\u00f1alaron que \u201cel propio reconocimiento del organismo aut\u00e1rtico\u201d de los derechos constitucionales y convencionales de la accionante al incorporarla como personal transitorio, y la difusi\u00f3n que se hizo del mismo, justifica esta acci\u00f3n positiva por parte de la justicia.<div id=\"td-outer-wrap\" class=\"td-theme-wrap\"><div class=\"td-main-content-wrap td-container-wrap\"><div class=\"-container td-post-template-2\"><article id=\"post-96480\" class=\"post-96480 post type-post status-publish format-standard has-post-thumbnail hentry category-generales\" itemscope=\"\" itemtype=\"https:\/\/schema.org\/Article\"><div class=\"td-pb-row\"><div class=\"td-pb-span8 td-main-content principalSingle\" role=\"main\"><div class=\"td-ss-main-content\"><div class=\"td-post-content tagdiv-type\"><p style=\"text-align: justify\">Adem\u00e1s explicaron que \u201clos titulares del  organismo demandado manifestaron que la incorporaci\u00f3n de la actora a la  entidad importaba el cumplimiento de la ley de cupo, lo que a la postre  no sucedi\u00f3\u201d y que lo ocurrido luego \u201cexpone no s\u00f3lo la conversi\u00f3n de las  manifestaciones p\u00fablicas realizadas en letra muerta, sino que evidencia  el incumplimiento concreto de la ley cuya sanci\u00f3n se celebrara\u201d, sino  que \u201cante el incumplimiento de la norma, resulta posible desde esta  magistratura compeler a su observancia\u201d.<\/p><p style=\"text-align: justify\">En otra parte afirmaron que \u201csi bien el  derecho pregona que todos los hombres son libres e iguales, existen  diferencias efectivas que se manifiestan en la realidad y que deben ser  rigurosamente consideradas si no se quiere terminar reivindicando una  igualdad simplemente formal\u201d.<\/p><\/div><\/div><\/div><\/div><\/article><\/div><\/div><\/div> <\/p>\n","protected":false},"excerpt":{"rendered":"<p>La Defensor\u00eda del Pueblo deber\u00e1 mantener en su cargo a una persona trans que trabaj\u00f3 en ese organismo con contrato de gabinete entre 2018 y&hellip; <\/p>\n","protected":false},"author":2,"featured_media":1177,"comment_status":"open","ping_status":"open","sticky":false,"template":"","format":"standard","meta":{"footnotes":""},"categories":[5],"tags":[],"class_list":["post-1176","post","type-post","status-publish","format-standard","has-post-thumbnail","hentry","category-politica"],"_links":{"self":[{"href":"https:\/\/lametro989.com\/index.php?rest_route=\/wp\/v2\/posts\/1176","targetHints":{"allow":["GET"]}}],"collection":[{"href":"https:\/\/lametro989.com\/index.php?rest_route=\/wp\/v2\/posts"}],"about":[{"href":"https:\/\/lametro989.com\/index.php?rest_route=\/wp\/v2\/types\/post"}],"author":[{"embeddable":true,"href":"https:\/\/lametro989.com\/index.php?rest_route=\/wp\/v2\/users\/2"}],"replies":[{"embeddable":true,"href":"https:\/\/lametro989.com\/index.php?rest_route=%2Fwp%2Fv2%2Fcomments&post=1176"}],"version-history":[{"count":1,"href":"https:\/\/lametro989.com\/index.php?rest_route=\/wp\/v2\/posts\/1176\/revisions"}],"predecessor-version":[{"id":1178,"href":"https:\/\/lametro989.com\/index.php?rest_route=\/wp\/v2\/posts\/1176\/revisions\/1178"}],"wp:featuredmedia":[{"embeddable":true,"href":"https:\/\/lametro989.com\/index.php?rest_route=\/wp\/v2\/media\/1177"}],"wp:attachment":[{"href":"https:\/\/lametro989.com\/index.php?rest_route=%2Fwp%2Fv2%2Fmedia&parent=1176"}],"wp:term":[{"taxonomy":"category","embeddable":true,"href":"https:\/\/lametro989.com\/index.php?rest_route=%2Fwp%2Fv2%2Fcategories&post=1176"},{"taxonomy":"post_tag","embeddable":true,"href":"https:\/\/lametro989.com\/index.php?rest_route=%2Fwp%2Fv2%2Ftags&post=1176"}],"curies":[{"name":"wp","href":"https:\/\/api.w.org\/{rel}","templated":true}]}}