{"id":1179,"date":"2023-07-14T23:10:23","date_gmt":"2023-07-15T02:10:23","guid":{"rendered":"https:\/\/lametro989.com\/?p=1179"},"modified":"2023-07-14T23:10:23","modified_gmt":"2023-07-15T02:10:23","slug":"bronca-con-jorge-lanata-por-el-abordaje-sobre-la-salud-de-wanda-nara","status":"publish","type":"post","link":"https:\/\/lametro989.com\/?p=1179","title":{"rendered":"Bronca con Jorge Lanata por el abordaje sobre la salud de Wanda Nara"},"content":{"rendered":"\n<p>Marcela Tauro dispar\u00f3 filosa contra Jorge Lanata en Intrusos (Am\u00e9rica TV), luego de que el periodista contara en Lanata sin filtro (Radio Mitre) que Wanda Nara tendr\u00eda leucemia, a\u00fan sin que se conozca un parte m\u00e9dico sobre la salud de la conductora o hable alguno de sus seres queridos.<\/p>\n\n\n\n<figure class=\"wp-block-image size-full\"><img loading=\"lazy\" decoding=\"async\" width=\"696\" height=\"391\" src=\"https:\/\/lametro989.com\/wp-content\/uploads\/2023\/07\/imagen-164.png\" alt=\"\" class=\"wp-image-1180\" srcset=\"https:\/\/lametro989.com\/wp-content\/uploads\/2023\/07\/imagen-164.png 696w, https:\/\/lametro989.com\/wp-content\/uploads\/2023\/07\/imagen-164-300x169.png 300w\" sizes=\"auto, (max-width: 696px) 100vw, 696px\" \/><\/figure>\n\n\n\n<p>La periodista inici\u00f3 el ciclo ofreciendo detalles de lo que saben acerca de la salud de la empresaria; sin embargo, Marcela no dej\u00f3 de apuntar contra Lanata, a\u00fan sin nombrarlo, pero fue el \u00fanico que se atrevi\u00f3 a ponerle nombre y certeza a lo que le suceder\u00eda a Nara: &#8220;No hay parte oficial, no hablamos con ning\u00fan m\u00e9dico de ella. No hablamos con ning\u00fan familiar, es verdad lo que dice Andr\u00e9s Nara, est\u00e1 todo blindado. No contestan ni Kennys, ni Nora, ni Zaira&#8221;.<\/p>\n\n\n\n<p>Tauro reiter\u00f3 que no ofrecer\u00edan ning\u00fan tipo de informaci\u00f3n sobre Wanda que no sea dado por ella o su c\u00edrculo \u00edntimo: &#8220;No podemos especular con rumores que nos llegan permanentemente. Si la familia no habl\u00f3, no podemos dar un diagn\u00f3stico, lo tiene que contar la persona que lo est\u00e1 pasando o la familia&#8221;.<\/p>\n\n\n\n<p>Finalmente, Marcela hizo referencia a la cr\u00edtica que lanz\u00f3 el periodista al periodismo de espect\u00e1culo por no hablar del tema: &#8220;No hay una corporaci\u00f3n, no hay un complot, cada uno hace lo que quiere y yo lo respeto. Yo a esta altura de mi vida, por ah\u00ed de joven s\u00ed he cometido muchos errores de meterme en contar cosas de salud y m\u00e1s, a esta altura de mi vida ya como que la pienso m\u00e1s. Porque respeto, porque entiendo que a lo mejor al otro no le gusta que se sepa, tiene que procesar lo que le est\u00e1 pasando&#8221;.<\/p>\n\n\n\n<p>&#8220;Lo que nos est\u00e1 pasando es que a Intrusos le est\u00e1 yendo bien, sin necesidad de hablar de determinadas cosas. Entonces, hay que mantenerlo&#8221;, concluy\u00f3 Tauro.<\/p>\n\n\n\n<h6 class=\"wp-block-heading\"><strong>ESTUDIOS<\/strong><\/h6>\n\n\n\n<p>Jorge Lanata confirm\u00f3 en Lanata Sin Filtro (Radio Mitre) que Wanda Nara tiene leucemia y apunt\u00f3 contra el periodismo de espect\u00e1culo por ocultar la situaci\u00f3n.<\/p>\n\n\n\n<p>El conductor expres\u00f3: &#8220;Mucha gente sabe lo que tiene y nadie lo est\u00e1 diciendo. Como yo trabajo de periodista desde hace un tiempo, les voy a contar lo que hice: habl\u00e9 con tres fuentes distintas, dos de ellas cercanas a Wanda Nara, otra cercana al hospital. Lo que nadie est\u00e1 diciendo y no entiendo por qu\u00e9 hay una cosa corporativa del periodismo del espect\u00e1culo de no decirlo, lo que nadie est\u00e1 diciendo es que Wanda Nara tiene leucemia&#8221;.<\/p>\n","protected":false},"excerpt":{"rendered":"<p>Marcela Tauro dispar\u00f3 filosa contra Jorge Lanata en Intrusos (Am\u00e9rica TV), luego de que el periodista contara en Lanata sin filtro (Radio Mitre) que Wanda&hellip; <\/p>\n","protected":false},"author":2,"featured_media":1180,"comment_status":"open","ping_status":"open","sticky":false,"template":"","format":"standard","meta":{"footnotes":""},"categories":[9,13],"tags":[],"class_list":["post-1179","post","type-post","status-publish","format-standard","has-post-thumbnail","hentry","category-destacadas","category-nacionales"],"_links":{"self":[{"href":"https:\/\/lametro989.com\/index.php?rest_route=\/wp\/v2\/posts\/1179","targetHints":{"allow":["GET"]}}],"collection":[{"href":"https:\/\/lametro989.com\/index.php?rest_route=\/wp\/v2\/posts"}],"about":[{"href":"https:\/\/lametro989.com\/index.php?rest_route=\/wp\/v2\/types\/post"}],"author":[{"embeddable":true,"href":"https:\/\/lametro989.com\/index.php?rest_route=\/wp\/v2\/users\/2"}],"replies":[{"embeddable":true,"href":"https:\/\/lametro989.com\/index.php?rest_route=%2Fwp%2Fv2%2Fcomments&post=1179"}],"version-history":[{"count":1,"href":"https:\/\/lametro989.com\/index.php?rest_route=\/wp\/v2\/posts\/1179\/revisions"}],"predecessor-version":[{"id":1181,"href":"https:\/\/lametro989.com\/index.php?rest_route=\/wp\/v2\/posts\/1179\/revisions\/1181"}],"wp:featuredmedia":[{"embeddable":true,"href":"https:\/\/lametro989.com\/index.php?rest_route=\/wp\/v2\/media\/1180"}],"wp:attachment":[{"href":"https:\/\/lametro989.com\/index.php?rest_route=%2Fwp%2Fv2%2Fmedia&parent=1179"}],"wp:term":[{"taxonomy":"category","embeddable":true,"href":"https:\/\/lametro989.com\/index.php?rest_route=%2Fwp%2Fv2%2Fcategories&post=1179"},{"taxonomy":"post_tag","embeddable":true,"href":"https:\/\/lametro989.com\/index.php?rest_route=%2Fwp%2Fv2%2Ftags&post=1179"}],"curies":[{"name":"wp","href":"https:\/\/api.w.org\/{rel}","templated":true}]}}