{"id":1182,"date":"2023-07-14T23:12:20","date_gmt":"2023-07-15T02:12:20","guid":{"rendered":"https:\/\/lametro989.com\/?p=1182"},"modified":"2023-07-14T23:12:20","modified_gmt":"2023-07-15T02:12:20","slug":"especialistas-recomiendan-implementar-tutorias-de-alfabetizacion-para-reforzar-el-aprendizaje-en-la-primaria","status":"publish","type":"post","link":"https:\/\/lametro989.com\/?p=1182","title":{"rendered":"Especialistas recomiendan implementar tutor\u00edas de alfabetizaci\u00f3n para reforzar el aprendizaje en la primaria"},"content":{"rendered":"\n<p>Magdalena Benvenuto, cofundadora de la ONG Educar y Crecer, en contacto con Radio CNN 92.9, destac\u00f3 la importancia de las tutor\u00edas en la educaci\u00f3n para paliar la crisis de desempe\u00f1o. <em>&#8220;Estos espacios flexibles y personalizados mejoran la motivaci\u00f3n y los resultados acad\u00e9micos de los estudiantes. Tambi\u00e9n favorecen la permanencia y la terminalidad en la escuela. Aunque la pandemia complic\u00f3 el acceso a la educaci\u00f3n, se observa una recuperaci\u00f3n post-pand\u00e9mica en los niveles de desempe\u00f1o, aunque los resultados en Argentina a\u00fan muestran una tendencia a la baja desde 1996. Las tutor\u00edas son una estrategia efectiva y de bajo costo que puede implementarse dentro del marco legal existente&#8221;, <\/em>plante\u00f3.<\/p>\n\n\n\n<figure class=\"wp-block-image size-full\"><img loading=\"lazy\" decoding=\"async\" width=\"696\" height=\"464\" src=\"https:\/\/lametro989.com\/wp-content\/uploads\/2023\/07\/imagen-165.png\" alt=\"\" class=\"wp-image-1183\" srcset=\"https:\/\/lametro989.com\/wp-content\/uploads\/2023\/07\/imagen-165.png 696w, https:\/\/lametro989.com\/wp-content\/uploads\/2023\/07\/imagen-165-300x200.png 300w\" sizes=\"auto, (max-width: 696px) 100vw, 696px\" \/><\/figure>\n\n\n\n<p>La educadora remarc\u00f3 la efectividad que tienen las tutor\u00edas en el desarrollo del aprendizaje: <em>&#8220;Cuando hay espacios de contenci\u00f3n, en donde se trabaja en grupos m\u00e1s reducidos, con una tarea m\u00e1s contextualizada en el estudiante, no tan estandarizada en cuanto a lo que se esperar\u00eda que sea el estudiante, es que los aprendizajes realmente se dan. Hemos visto chicos de 15 a\u00f1os que se presentaron sin estar alfabetizados y en dos meses logran logros enormes en relaci\u00f3n a su alfabetizaci\u00f3n&#8221;.<\/em><\/p>\n\n\n\n<p>En esa l\u00ednea, la especialista con amplia trayectoria hizo hincapi\u00e9 en la necesidad de implementar las tutor\u00edas educativas a modo de complemento de las clases que habitualmente se dan en las escuelas, siempre dentro de un marco te\u00f3rico y pr\u00e1ctico que vienen implementando en la ONG Educar y Crecer.<\/p>\n","protected":false},"excerpt":{"rendered":"<p>Magdalena Benvenuto, cofundadora de la ONG Educar y Crecer, en contacto con Radio CNN 92.9, destac\u00f3 la importancia de las tutor\u00edas en la educaci\u00f3n para&hellip; <\/p>\n","protected":false},"author":2,"featured_media":1183,"comment_status":"open","ping_status":"open","sticky":false,"template":"","format":"standard","meta":{"footnotes":""},"categories":[9,13],"tags":[],"class_list":["post-1182","post","type-post","status-publish","format-standard","has-post-thumbnail","hentry","category-destacadas","category-nacionales"],"_links":{"self":[{"href":"https:\/\/lametro989.com\/index.php?rest_route=\/wp\/v2\/posts\/1182","targetHints":{"allow":["GET"]}}],"collection":[{"href":"https:\/\/lametro989.com\/index.php?rest_route=\/wp\/v2\/posts"}],"about":[{"href":"https:\/\/lametro989.com\/index.php?rest_route=\/wp\/v2\/types\/post"}],"author":[{"embeddable":true,"href":"https:\/\/lametro989.com\/index.php?rest_route=\/wp\/v2\/users\/2"}],"replies":[{"embeddable":true,"href":"https:\/\/lametro989.com\/index.php?rest_route=%2Fwp%2Fv2%2Fcomments&post=1182"}],"version-history":[{"count":1,"href":"https:\/\/lametro989.com\/index.php?rest_route=\/wp\/v2\/posts\/1182\/revisions"}],"predecessor-version":[{"id":1184,"href":"https:\/\/lametro989.com\/index.php?rest_route=\/wp\/v2\/posts\/1182\/revisions\/1184"}],"wp:featuredmedia":[{"embeddable":true,"href":"https:\/\/lametro989.com\/index.php?rest_route=\/wp\/v2\/media\/1183"}],"wp:attachment":[{"href":"https:\/\/lametro989.com\/index.php?rest_route=%2Fwp%2Fv2%2Fmedia&parent=1182"}],"wp:term":[{"taxonomy":"category","embeddable":true,"href":"https:\/\/lametro989.com\/index.php?rest_route=%2Fwp%2Fv2%2Fcategories&post=1182"},{"taxonomy":"post_tag","embeddable":true,"href":"https:\/\/lametro989.com\/index.php?rest_route=%2Fwp%2Fv2%2Ftags&post=1182"}],"curies":[{"name":"wp","href":"https:\/\/api.w.org\/{rel}","templated":true}]}}