{"id":1185,"date":"2023-07-14T23:15:12","date_gmt":"2023-07-15T02:15:12","guid":{"rendered":"https:\/\/lametro989.com\/?p=1185"},"modified":"2023-07-14T23:15:12","modified_gmt":"2023-07-15T02:15:12","slug":"dirigente-social-subio-con-su-camioneta-a-casa-de-gobierno-y-amenazo-con-quemar-todo-si-no-la-atendian","status":"publish","type":"post","link":"https:\/\/lametro989.com\/?p=1185","title":{"rendered":"Dirigente social subi\u00f3 con su camioneta a Casa de Gobierno y amenaz\u00f3 con \u201cquemar todo\u201d si no la atend\u00edan"},"content":{"rendered":"\n<p>Un hecho de violencia ocurri\u00f3 este viernes por la tarde en la vereda de Casa de Gobierno. Seg\u00fan la informaci\u00f3n policial, la dirigente social Vilma Gim\u00e9nez integrante de la fundaci\u00f3n Recuperando Valores subi\u00f3 con su camioneta hasta cerca del port\u00f3n de acceso de la sede gubernamental y amenaz\u00f3 con prender fuego si no la atend\u00edan. Llevaba una garrafa y una anafe.<\/p>\n\n\n\n<figure class=\"wp-block-image size-full\"><img loading=\"lazy\" decoding=\"async\" width=\"696\" height=\"524\" src=\"https:\/\/lametro989.com\/wp-content\/uploads\/2023\/07\/imagen-166.png\" alt=\"\" class=\"wp-image-1186\" srcset=\"https:\/\/lametro989.com\/wp-content\/uploads\/2023\/07\/imagen-166.png 696w, https:\/\/lametro989.com\/wp-content\/uploads\/2023\/07\/imagen-166-300x226.png 300w\" sizes=\"auto, (max-width: 696px) 100vw, 696px\" \/><\/figure>\n\n\n\n<figure class=\"wp-block-image\"><img decoding=\"async\" src=\"https:\/\/i0.wp.com\/mediosyestrategias.com\/wp-content\/uploads\/2023\/07\/garrafa.jpeg?resize=578%2C768&amp;quality=95&amp;ssl=1\" alt=\"\" class=\"wp-image-96502\"\/><\/figure>\n\n\n\n<p>La mujer luego fue reducida pero antes intent\u00f3 atropellar a los efectivos que hacen de guardia en ese lugar. &nbsp;Se secuestr\u00f3 el veh\u00edculo en el que se movilizaba y los elementos que llevaba consigo.<\/p>\n","protected":false},"excerpt":{"rendered":"<p>Un hecho de violencia ocurri\u00f3 este viernes por la tarde en la vereda de Casa de Gobierno. Seg\u00fan la informaci\u00f3n policial, la dirigente social Vilma&hellip; <\/p>\n","protected":false},"author":2,"featured_media":1186,"comment_status":"open","ping_status":"open","sticky":false,"template":"","format":"standard","meta":{"footnotes":""},"categories":[9,2],"tags":[],"class_list":["post-1185","post","type-post","status-publish","format-standard","has-post-thumbnail","hentry","category-destacadas","category-provinciales"],"_links":{"self":[{"href":"https:\/\/lametro989.com\/index.php?rest_route=\/wp\/v2\/posts\/1185","targetHints":{"allow":["GET"]}}],"collection":[{"href":"https:\/\/lametro989.com\/index.php?rest_route=\/wp\/v2\/posts"}],"about":[{"href":"https:\/\/lametro989.com\/index.php?rest_route=\/wp\/v2\/types\/post"}],"author":[{"embeddable":true,"href":"https:\/\/lametro989.com\/index.php?rest_route=\/wp\/v2\/users\/2"}],"replies":[{"embeddable":true,"href":"https:\/\/lametro989.com\/index.php?rest_route=%2Fwp%2Fv2%2Fcomments&post=1185"}],"version-history":[{"count":1,"href":"https:\/\/lametro989.com\/index.php?rest_route=\/wp\/v2\/posts\/1185\/revisions"}],"predecessor-version":[{"id":1187,"href":"https:\/\/lametro989.com\/index.php?rest_route=\/wp\/v2\/posts\/1185\/revisions\/1187"}],"wp:featuredmedia":[{"embeddable":true,"href":"https:\/\/lametro989.com\/index.php?rest_route=\/wp\/v2\/media\/1186"}],"wp:attachment":[{"href":"https:\/\/lametro989.com\/index.php?rest_route=%2Fwp%2Fv2%2Fmedia&parent=1185"}],"wp:term":[{"taxonomy":"category","embeddable":true,"href":"https:\/\/lametro989.com\/index.php?rest_route=%2Fwp%2Fv2%2Fcategories&post=1185"},{"taxonomy":"post_tag","embeddable":true,"href":"https:\/\/lametro989.com\/index.php?rest_route=%2Fwp%2Fv2%2Ftags&post=1185"}],"curies":[{"name":"wp","href":"https:\/\/api.w.org\/{rel}","templated":true}]}}