{"id":1188,"date":"2023-07-14T23:21:33","date_gmt":"2023-07-15T02:21:33","guid":{"rendered":"https:\/\/lametro989.com\/?p=1188"},"modified":"2023-07-14T23:21:33","modified_gmt":"2023-07-15T02:21:33","slug":"investigan-un-desfasaje-de-40-millones-en-los-balances-presentados-por-la-fundacion-saul-acuna","status":"publish","type":"post","link":"https:\/\/lametro989.com\/?p=1188","title":{"rendered":"Investigan un desfasaje de $ 40 millones en los balances presentados por la fundaci\u00f3n Sa\u00fal Acu\u00f1a"},"content":{"rendered":"\n<p>Se trata de los informes que present\u00f3 la entidad liderada por Emerenciano Sena y Marcela Acu\u00f1a, y que corresponder\u00eda a los a\u00f1os 2021-2022. La Justicia Federal analiza el origen y explicaci\u00f3n de los fondos.<\/p>\n\n\n\n<figure class=\"wp-block-image size-full\"><img loading=\"lazy\" decoding=\"async\" width=\"850\" height=\"638\" src=\"https:\/\/lametro989.com\/wp-content\/uploads\/2023\/07\/imagen-167.png\" alt=\"\" class=\"wp-image-1189\" srcset=\"https:\/\/lametro989.com\/wp-content\/uploads\/2023\/07\/imagen-167.png 850w, https:\/\/lametro989.com\/wp-content\/uploads\/2023\/07\/imagen-167-300x225.png 300w, https:\/\/lametro989.com\/wp-content\/uploads\/2023\/07\/imagen-167-768x576.png 768w\" sizes=\"auto, (max-width: 850px) 100vw, 850px\" \/><\/figure>\n\n\n\n<p>El patrimonio de los Sena en la fundaci\u00f3n <strong>Sa\u00fal Acu\u00f1a<\/strong> tuvo un desfasaje de aproximadamente <strong>$ 40 millones en los balances<\/strong> presentados durante los \u00faltimos a\u00f1os y la Justicia Federal intenta determinar el origen de los fondos en el marco de una investigaci\u00f3n por lavado de dinero y evasi\u00f3n fiscal que naci\u00f3 tras el secuestro de $ 6 millones en la casa ubicada en <strong>Santa Mar\u00eda de Oro al 1.460<\/strong> el pasado viernes 9 de junio, durante el primer allanamiento por el femicidio de Cecilia Strzyzowski.<\/p>\n\n\n\n<p>Se trata, seg\u00fan confirmaron fuentes judiciales a <strong>Diario Chaco&nbsp;<\/strong>, de un desfasaje que corresponder\u00eda a los balances presentados por los Sena y su Fundaci\u00f3n, en los a\u00f1os <strong>2021-2022.&nbsp;<\/strong><\/p>\n\n\n\n<p>Acorde a la informaci\u00f3n, que ya lleg\u00f3 a manos de la Justicia Federal, los Sena presentaron un balance en finales de 2021 con un patrimonio final. Sin embargo, cuando presentaron el nuevo informe a principios de 2022, <strong>el valor de los bienes hab\u00eda ascendido $ 40 millones m\u00e1s.\u00a0<\/strong><\/p>\n\n\n\n<p>Estos datos, en valores contables, <strong>no cierran<\/strong>. El incremento en el patrimonio no habr\u00eda tenido explicaci\u00f3n, y por ello la Fiscal\u00eda Federal N\u00b01, a cargo de Patricio Sabadini, ahora debe investigar qu\u00e9 fue lo que efectivamente sucedi\u00f3.<\/p>\n\n\n\n<p>Cabe resaltar, adem\u00e1s, que <strong>Diario Chaco<\/strong> anticip\u00f3 tambi\u00e9n la <strong><a href=\"https:\/\/www.diariochaco.com\/641231-emerenciano-sena-y-marcela-acuna-tienen-registrados-unos-15-vehiculos-como-patrimonio\" target=\"_blank\" rel=\"noreferrer noopener\">cantidad de veh\u00edculos que la familia Sena ten\u00eda registrados<\/a>&nbsp;<\/strong>: se trata de 15 bienes entre los cuales se encuentran cuatro camionetas <strong>Toyota Hilux, camiones con acoplado y motocicletas de variadas marcas y cilindradas.<\/strong><\/p>\n\n\n\n<p><strong>LISTA COMPLETA DE VEH\u00cdCULOS<\/strong><ins><\/ins><\/p>\n\n\n\n<p><strong>Marcela Acu\u00f1a<\/strong> tiene a su nombre una camioneta Toyota Hilux 4&#215;4 DC SRX 2.8, una Hilux 4&#215;2 cabina doble DX 3.0 y dos motocicletas, una Appia Citiplus 110 y una Motomel Custom 150.<\/p>\n\n\n\n<p><strong>Emerenciano Sena<\/strong>, posee una camioneta Toyota Hilux 4&#215;4 DC SRX 2.8, un acoplado, 2 camiones Ford F350, una Ford Pick Up F.1000 y un colectivo Mercedes Benz BMO.<\/p>\n\n\n\n<p><strong>Asimismo, a nombre de la Fundaci\u00f3n Sa\u00fal Acu\u00f1a<\/strong> se tiene un cami\u00f3n Mercedes Benz Atego 1721, Mercedes Benz Sprinter 310 furgon, un cami\u00f3n Mercedes Benz L-1518, una motocicleta Motomel B110 y un rastrojero.<\/p>\n","protected":false},"excerpt":{"rendered":"<p>Se trata de los informes que present\u00f3 la entidad liderada por Emerenciano Sena y Marcela Acu\u00f1a, y que corresponder\u00eda a los a\u00f1os 2021-2022. La Justicia&hellip; <\/p>\n","protected":false},"author":2,"featured_media":1189,"comment_status":"open","ping_status":"open","sticky":false,"template":"","format":"standard","meta":{"footnotes":""},"categories":[9,5],"tags":[],"class_list":["post-1188","post","type-post","status-publish","format-standard","has-post-thumbnail","hentry","category-destacadas","category-politica"],"_links":{"self":[{"href":"https:\/\/lametro989.com\/index.php?rest_route=\/wp\/v2\/posts\/1188","targetHints":{"allow":["GET"]}}],"collection":[{"href":"https:\/\/lametro989.com\/index.php?rest_route=\/wp\/v2\/posts"}],"about":[{"href":"https:\/\/lametro989.com\/index.php?rest_route=\/wp\/v2\/types\/post"}],"author":[{"embeddable":true,"href":"https:\/\/lametro989.com\/index.php?rest_route=\/wp\/v2\/users\/2"}],"replies":[{"embeddable":true,"href":"https:\/\/lametro989.com\/index.php?rest_route=%2Fwp%2Fv2%2Fcomments&post=1188"}],"version-history":[{"count":1,"href":"https:\/\/lametro989.com\/index.php?rest_route=\/wp\/v2\/posts\/1188\/revisions"}],"predecessor-version":[{"id":1190,"href":"https:\/\/lametro989.com\/index.php?rest_route=\/wp\/v2\/posts\/1188\/revisions\/1190"}],"wp:featuredmedia":[{"embeddable":true,"href":"https:\/\/lametro989.com\/index.php?rest_route=\/wp\/v2\/media\/1189"}],"wp:attachment":[{"href":"https:\/\/lametro989.com\/index.php?rest_route=%2Fwp%2Fv2%2Fmedia&parent=1188"}],"wp:term":[{"taxonomy":"category","embeddable":true,"href":"https:\/\/lametro989.com\/index.php?rest_route=%2Fwp%2Fv2%2Fcategories&post=1188"},{"taxonomy":"post_tag","embeddable":true,"href":"https:\/\/lametro989.com\/index.php?rest_route=%2Fwp%2Fv2%2Ftags&post=1188"}],"curies":[{"name":"wp","href":"https:\/\/api.w.org\/{rel}","templated":true}]}}