{"id":1194,"date":"2023-07-14T23:30:49","date_gmt":"2023-07-15T02:30:49","guid":{"rendered":"https:\/\/lametro989.com\/?p=1194"},"modified":"2023-07-14T23:30:49","modified_gmt":"2023-07-15T02:30:49","slug":"grave-denuncian-que-una-menor-fue-abusada-en-el-bano-de-una-escuela-de-resistencia","status":"publish","type":"post","link":"https:\/\/lametro989.com\/?p=1194","title":{"rendered":"Grave: denuncian que una menor fue abusada en el ba\u00f1o de una Escuela de Resistencia"},"content":{"rendered":"\n<p>La madre de la joven realiz\u00f3 la grave denuncia y afirma que su hija es v\u00edctima constante de bullying. El Ministerio de Educaci\u00f3n del Chaco ya est\u00e1 interviniendo en el hecho.<\/p>\n\n\n\n<figure class=\"wp-block-image size-full\"><img loading=\"lazy\" decoding=\"async\" width=\"600\" height=\"450\" src=\"https:\/\/lametro989.com\/wp-content\/uploads\/2023\/07\/imagen-169.png\" alt=\"\" class=\"wp-image-1195\" srcset=\"https:\/\/lametro989.com\/wp-content\/uploads\/2023\/07\/imagen-169.png 600w, https:\/\/lametro989.com\/wp-content\/uploads\/2023\/07\/imagen-169-300x225.png 300w\" sizes=\"auto, (max-width: 600px) 100vw, 600px\" \/><\/figure>\n\n\n\n<p>Un grav\u00edsimo caso de&nbsp;abuso y bullying escolar&nbsp;se dio a conocer en las \u00faltimas horas. Seg\u00fan denunci\u00f3 una mujer,&nbsp;su hija vivi\u00f3 un aterrador momento&nbsp;cuando fue&nbsp;encerrada en un ba\u00f1o del colegio y fue acosada por dos j\u00f3venes. Por el aberrante hecho,&nbsp;el Ministerio de Educaci\u00f3n de la provincia del Chaco ya se encuentra interviniendo.&nbsp;<\/p>\n\n\n\n<p>Esto comenz\u00f3 el 28 de junio, cuando&nbsp;una mujer de 57 a\u00f1os&nbsp;se acerc\u00f3 a la Comisar\u00eda Tercera de Resistencia para&nbsp;denunciar que&nbsp;su hija es v\u00edctima de bullying en la escuela que asiste.&nbsp;<\/p>\n\n\n\n<p>Seg\u00fan explic\u00f3 la madre, su&nbsp;hija de 16 a\u00f1os&nbsp;asiste a la&nbsp;escuela Comercio N\u00b067, turno ma\u00f1ana, y sufre&nbsp;hace un a\u00f1o agresiones f\u00edsicas y verbales&nbsp;por parte de una compa\u00f1era de la misma edad.&nbsp;<\/p>\n\n\n\n<p>Resulta que en el 2022, seg\u00fan relat\u00f3 la mujer, esta joven empuj\u00f3 a su hija por las escaleras y le provoc\u00f3 una lesi\u00f3n en el tobillo. Por este hecho, la directora del colegio&nbsp;le habr\u00eda dicho que solamente haga una nota por lo acontecido.&nbsp;<\/p>\n\n\n\n<p>La madre dijo que el 26 de junio ocurri\u00f3 un caso &#8220;muy extremo&#8221;. Cont\u00f3 que&nbsp;su hija fue&nbsp;encerrada en el ba\u00f1o de la escuela por la compa\u00f1era que la acosa constantemente y que pudo salir porque pate\u00f3 la puerta.<\/p>\n\n\n\n<p>En ese contexto, la joven quer\u00eda escaparse pero la compa\u00f1era&nbsp;estaba parada en la puerta mientras se re\u00eda&nbsp;y&nbsp;por detr\u00e1s&nbsp;aparecieron dos j\u00f3venes&nbsp;quienes&nbsp;habr\u00edan agarrado a la chica y uno de ellos la habr\u00eda manoseado&nbsp;mientras que el otro la zamarre\u00f3 y le provoc\u00f3 lesiones. Una vez cometido el acto, se retiraron del lugar.<\/p>\n\n\n\n<p>La damnificada&nbsp;afirm\u00f3 haber identificado a los dos masculinos. Uno de ellos vest\u00eda de color negro y una babucha, en tanto el otro llevaba buzo negro, jeans rotos y de tez morena.<\/p>\n\n\n\n<p>D\u00edas despu\u00e9s, la mujer de 57 a\u00f1os volvi\u00f3 a la unidad policial para ampliar la denuncia. Mencion\u00f3 que el 30 de junio una amiga de su hija le envi\u00f3 una foto en donde habr\u00eda dejado un manuscrito en el banco del colegio con la siguiente frase: &#8220;Cuidate \u2013nombre de la chica- porque te va a pasar cosas malas&#8221;.&nbsp;<\/p>\n\n\n\n<p>De acuerdo a lo explicado en el escrito, por la noche de ese mismo d\u00eda, la joven recibi\u00f3 una llamada de parte de otra compa\u00f1era que pertenece al grupo que le hace bullying por lo que decidi\u00f3 ignorarla.&nbsp;<\/p>\n\n\n\n<p>En ese marco, a la ma\u00f1ana siguiente habr\u00edan continuado las amenazas telef\u00f3nicas y a la tarde otra compa\u00f1era le habr\u00eda dicho lo siguiente:&nbsp;&#8220;Segu\u00eds hinchando y te va a pasar algo mucho m\u00e1s malo as\u00ed que aparece en la escuela si no quer\u00e9s que te agarremos afuera, escuchaste hija de re mil p\u2026&nbsp;&#8220;.<\/p>\n","protected":false},"excerpt":{"rendered":"<p>La madre de la joven realiz\u00f3 la grave denuncia y afirma que su hija es v\u00edctima constante de bullying. El Ministerio de Educaci\u00f3n del Chaco&hellip; <\/p>\n","protected":false},"author":2,"featured_media":1195,"comment_status":"open","ping_status":"open","sticky":false,"template":"","format":"standard","meta":{"footnotes":""},"categories":[9,2],"tags":[],"class_list":["post-1194","post","type-post","status-publish","format-standard","has-post-thumbnail","hentry","category-destacadas","category-provinciales"],"_links":{"self":[{"href":"https:\/\/lametro989.com\/index.php?rest_route=\/wp\/v2\/posts\/1194","targetHints":{"allow":["GET"]}}],"collection":[{"href":"https:\/\/lametro989.com\/index.php?rest_route=\/wp\/v2\/posts"}],"about":[{"href":"https:\/\/lametro989.com\/index.php?rest_route=\/wp\/v2\/types\/post"}],"author":[{"embeddable":true,"href":"https:\/\/lametro989.com\/index.php?rest_route=\/wp\/v2\/users\/2"}],"replies":[{"embeddable":true,"href":"https:\/\/lametro989.com\/index.php?rest_route=%2Fwp%2Fv2%2Fcomments&post=1194"}],"version-history":[{"count":1,"href":"https:\/\/lametro989.com\/index.php?rest_route=\/wp\/v2\/posts\/1194\/revisions"}],"predecessor-version":[{"id":1196,"href":"https:\/\/lametro989.com\/index.php?rest_route=\/wp\/v2\/posts\/1194\/revisions\/1196"}],"wp:featuredmedia":[{"embeddable":true,"href":"https:\/\/lametro989.com\/index.php?rest_route=\/wp\/v2\/media\/1195"}],"wp:attachment":[{"href":"https:\/\/lametro989.com\/index.php?rest_route=%2Fwp%2Fv2%2Fmedia&parent=1194"}],"wp:term":[{"taxonomy":"category","embeddable":true,"href":"https:\/\/lametro989.com\/index.php?rest_route=%2Fwp%2Fv2%2Fcategories&post=1194"},{"taxonomy":"post_tag","embeddable":true,"href":"https:\/\/lametro989.com\/index.php?rest_route=%2Fwp%2Fv2%2Ftags&post=1194"}],"curies":[{"name":"wp","href":"https:\/\/api.w.org\/{rel}","templated":true}]}}